{"id":254903,"date":"2022-09-29T15:47:32","date_gmt":"2022-09-29T12:47:32","guid":{"rendered":"http:\/\/107.6.182.27\/es\/?p=254903"},"modified":"2022-09-29T21:18:07","modified_gmt":"2022-09-29T18:18:07","slug":"el-presidente-al-assad-lanza-la-primera-fase-del-proyecto-de-energia-fotovoltaica-en-adra","status":"publish","type":"post","link":"https:\/\/archive.sana.sy\/es\/?p=254903","title":{"rendered":"El presidente al-Assad lanza la primera fase del proyecto de energ\u00eda fotovoltaica en Adra"},"content":{"rendered":"<p style=\"text-align: justify;\"><span style=\"color: #800000;\"><strong>Damasco, 29 sep (SANA)\u00a0<\/strong> <\/span>\u00a0 El presidente Bashar al-Assad, lanz\u00f3 hoy la primera fase del proyecto de energ\u00eda fotovoltaica en la Ciudad Industrial de Adra, cerca de la capital Damasco.<\/p>\n<p style=\"text-align: justify;\">El proyecto tiene el objetivo de generar 100 megavatios de electricidad a trav\u00e9s de paneles solares, y se extiende sobre un \u00e1rea de m\u00e1s de 165 hect\u00e1reas.<\/p>\n<p style=\"text-align: justify;\">Hasta el momento, el proyecto produce 10 megavatios a trav\u00e9s de m\u00e1s de 18.000 paneles solares, y la energ\u00eda generada a partir de este proyecto se conect\u00f3 a la red nacional para respaldar acumulativamente la producci\u00f3n el\u00e9ctrica en Siria.<\/p>\n<p style=\"text-align: justify;\">El trabajo en este proyecto comenz\u00f3 luego de la visita del presidente al-Assad a la ciudad industrial de Adra en junio de 2021, y es una inversi\u00f3n privada que se implementa en cooperaci\u00f3n con el sector estatal.<\/p>\n<p style=\"text-align: justify;\">El mandatario elogi\u00f3 en declaraciones a los medios de prensa nacionales, cualquier nuevo proyecto de desarrollo econ\u00f3mico, ya sea peque\u00f1o, mediano o grande, o cualquier instalaci\u00f3n, independientemente de su tama\u00f1o, que ha sido capaz de resistir estas duras condiciones de guerra y bloqueo durante m\u00e1s de 12 a\u00f1os.<\/p>\n<p style=\"text-align: justify;\">Indic\u00f3 que el sector privado puede invertir en plantas de energ\u00eda alternativa, ya sea e\u00f3lica o solar, y la colaboraci\u00f3n con el sector p\u00fablico es necesaria en t\u00e9rminos de inversi\u00f3n y beneficio p\u00fablico a trav\u00e9s de la generaci\u00f3n de electricidad.<\/p>\n<p style=\"text-align: justify;\">Aclar\u00f3 que la colaboraci\u00f3n no s\u00f3lo se limita al capital, pues el Estado puede ser socio comprando esta energ\u00eda y vendi\u00e9ndola a precio subsidiado al consumidor.<\/p>\n<p style=\"text-align: justify;\">Asimismo, detall\u00f3 que el Estado ahora se est\u00e1 enfocando en la energ\u00eda convencional, pero al mismo tiempo es socio en las energ\u00edas alternativas al poseer l\u00edneas de transmisi\u00f3n y distribuci\u00f3n, y al facilitar todo el proceso al apoyar tanto al inversionista como al consumidor.<\/p>\n<p style=\"text-align: justify;\">\u201cEl Estado no busca obtener ganancias de este sector, sino apoyarlo e impulsarlo\u201d, concluy\u00f3.<\/p>\n<p style=\"text-align: justify;\">fm\/ed\/sm<\/p>\n<div id='gallery-1' class='gallery galleryid-254903 gallery-columns-1 gallery-size-full'><figure class='gallery-item'>\n\t\t\t<div class='gallery-icon landscape'>\n\t\t\t\t<a href='https:\/\/archive.sana.sy\/es\/wp-content\/uploads\/2022\/09\/photo_2022-09-29_19-02-27.jpg'><img loading=\"lazy\" decoding=\"async\" width=\"1280\" height=\"772\" src=\"https:\/\/archive.sana.sy\/es\/wp-content\/uploads\/2022\/09\/photo_2022-09-29_19-02-27.jpg\" class=\"attachment-full size-full\" alt=\"\" srcset=\"https:\/\/archive.sana.sy\/es\/wp-content\/uploads\/2022\/09\/photo_2022-09-29_19-02-27.jpg 1280w, https:\/\/archive.sana.sy\/es\/wp-content\/uploads\/2022\/09\/photo_2022-09-29_19-02-27-300x181.jpg 300w, https:\/\/archive.sana.sy\/es\/wp-content\/uploads\/2022\/09\/photo_2022-09-29_19-02-27-1024x618.jpg 1024w, https:\/\/archive.sana.sy\/es\/wp-content\/uploads\/2022\/09\/photo_2022-09-29_19-02-27-150x90.jpg 150w, https:\/\/archive.sana.sy\/es\/wp-content\/uploads\/2022\/09\/photo_2022-09-29_19-02-27-768x463.jpg 768w\" sizes=\"(max-width: 1280px) 100vw, 1280px\" \/><\/a>\n\t\t\t<\/div><\/figure><figure class='gallery-item'>\n\t\t\t<div class='gallery-icon landscape'>\n\t\t\t\t<a href='https:\/\/archive.sana.sy\/es\/wp-content\/uploads\/2022\/09\/photo_2022-09-29_19-49-17.jpg'><img loading=\"lazy\" decoding=\"async\" width=\"1280\" height=\"720\" src=\"https:\/\/archive.sana.sy\/es\/wp-content\/uploads\/2022\/09\/photo_2022-09-29_19-49-17.jpg\" class=\"attachment-full size-full\" alt=\"\" srcset=\"https:\/\/archive.sana.sy\/es\/wp-content\/uploads\/2022\/09\/photo_2022-09-29_19-49-17.jpg 1280w, https:\/\/archive.sana.sy\/es\/wp-content\/uploads\/2022\/09\/photo_2022-09-29_19-49-17-300x169.jpg 300w, https:\/\/archive.sana.sy\/es\/wp-content\/uploads\/2022\/09\/photo_2022-09-29_19-49-17-1024x576.jpg 1024w, https:\/\/archive.sana.sy\/es\/wp-content\/uploads\/2022\/09\/photo_2022-09-29_19-49-17-150x84.jpg 150w, https:\/\/archive.sana.sy\/es\/wp-content\/uploads\/2022\/09\/photo_2022-09-29_19-49-17-768x432.jpg 768w\" sizes=\"(max-width: 1280px) 100vw, 1280px\" \/><\/a>\n\t\t\t<\/div><\/figure><figure class='gallery-item'>\n\t\t\t<div class='gallery-icon landscape'>\n\t\t\t\t<a href='https:\/\/archive.sana.sy\/es\/wp-content\/uploads\/2022\/09\/photo_2022-09-29_20-02-47.jpg'><img loading=\"lazy\" decoding=\"async\" width=\"1280\" height=\"737\" src=\"https:\/\/archive.sana.sy\/es\/wp-content\/uploads\/2022\/09\/photo_2022-09-29_20-02-47.jpg\" class=\"attachment-full size-full\" alt=\"\" srcset=\"https:\/\/archive.sana.sy\/es\/wp-content\/uploads\/2022\/09\/photo_2022-09-29_20-02-47.jpg 1280w, https:\/\/archive.sana.sy\/es\/wp-content\/uploads\/2022\/09\/photo_2022-09-29_20-02-47-300x173.jpg 300w, https:\/\/archive.sana.sy\/es\/wp-content\/uploads\/2022\/09\/photo_2022-09-29_20-02-47-1024x590.jpg 1024w, https:\/\/archive.sana.sy\/es\/wp-content\/uploads\/2022\/09\/photo_2022-09-29_20-02-47-150x86.jpg 150w, https:\/\/archive.sana.sy\/es\/wp-content\/uploads\/2022\/09\/photo_2022-09-29_20-02-47-768x442.jpg 768w\" sizes=\"(max-width: 1280px) 100vw, 1280px\" \/><\/a>\n\t\t\t<\/div><\/figure><figure class='gallery-item'>\n\t\t\t<div class='gallery-icon landscape'>\n\t\t\t\t<a href='https:\/\/archive.sana.sy\/es\/wp-content\/uploads\/2022\/09\/photo_2022-09-29_20-02-48.jpg'><img loading=\"lazy\" decoding=\"async\" width=\"1280\" height=\"685\" src=\"https:\/\/archive.sana.sy\/es\/wp-content\/uploads\/2022\/09\/photo_2022-09-29_20-02-48.jpg\" class=\"attachment-full size-full\" alt=\"\" srcset=\"https:\/\/archive.sana.sy\/es\/wp-content\/uploads\/2022\/09\/photo_2022-09-29_20-02-48.jpg 1280w, https:\/\/archive.sana.sy\/es\/wp-content\/uploads\/2022\/09\/photo_2022-09-29_20-02-48-300x161.jpg 300w, https:\/\/archive.sana.sy\/es\/wp-content\/uploads\/2022\/09\/photo_2022-09-29_20-02-48-1024x548.jpg 1024w, https:\/\/archive.sana.sy\/es\/wp-content\/uploads\/2022\/09\/photo_2022-09-29_20-02-48-150x80.jpg 150w, https:\/\/archive.sana.sy\/es\/wp-content\/uploads\/2022\/09\/photo_2022-09-29_20-02-48-768x411.jpg 768w, https:\/\/archive.sana.sy\/es\/wp-content\/uploads\/2022\/09\/photo_2022-09-29_20-02-48-310x165.jpg 310w\" sizes=\"(max-width: 1280px) 100vw, 1280px\" \/><\/a>\n\t\t\t<\/div><\/figure>\n\t\t<\/div>\n\n<p><iframe loading=\"lazy\" title=\"\u0627\u0644\u0631\u0626\u064a\u0633 \u0627\u0644\u0623\u0633\u062f \u064a\u064f\u0637\u0644\u0642 \u0627\u0644\u0645\u0631\u062d\u0644\u0629 \u0627\u0644\u0623\u0648\u0644\u0649 \u0645\u0646 \u062a\u0634\u063a\u064a\u0644 \u0645\u0634\u0631\u0648\u0639 \u0627\u0644\u0637\u0627\u0642\u0629 \u0627\u0644\u0643\u0647\u0631\u0648\u0636\u0648\u0626\u064a\u0629 \u0641\u064a \u0645\u062f\u064a\u0646\u0629 \u0639\u062f\u0631\u0627 \u0627\u0644\u0635\u0646\u0627\u0639\u064a\u0629\" width=\"618\" height=\"348\" src=\"https:\/\/www.youtube.com\/embed\/0eZWcm61Di0?feature=oembed\" frameborder=\"0\" allow=\"accelerometer; autoplay; clipboard-write; encrypted-media; gyroscope; picture-in-picture; web-share\" referrerpolicy=\"strict-origin-when-cross-origin\" allowfullscreen><\/iframe><\/p>\n<p><iframe loading=\"lazy\" title=\"\u062a\u0635\u0631\u064a\u062d \u0627\u0644\u0631\u0626\u064a\u0633 \u0627\u0644\u0623\u0633\u062f \u0628\u0639\u062f \u0625\u0637\u0644\u0627\u0642\u0647 \u0627\u0644\u0645\u0631\u062d\u0644\u0629 \u0627\u0644\u0623\u0648\u0644\u0649 \u0645\u0646 \u0645\u0634\u0631\u0648\u0639 \u0627\u0644\u0637\u0627\u0642\u0629 \u0627\u0644\u0643\u0647\u0631\u0648\u0636\u0648\u0626\u064a\u0629 \u0641\u064a \u0639\u062f\u0631\u0627 \u0627\u0644\u0635\u0646\u0627\u0639\u064a\u0629\" width=\"618\" height=\"348\" src=\"https:\/\/www.youtube.com\/embed\/iY6gdakGLx8?feature=oembed\" frameborder=\"0\" allow=\"accelerometer; autoplay; clipboard-write; encrypted-media; gyroscope; picture-in-picture; web-share\" referrerpolicy=\"strict-origin-when-cross-origin\" allowfullscreen><\/iframe><\/p>\n","protected":false},"excerpt":{"rendered":"<p>Damasco, 29 sep (SANA)\u00a0 \u00a0 El presidente Bashar al-Assad, lanz\u00f3 hoy la primera fase del proyecto de energ\u00eda fotovoltaica en la Ciudad Industrial de Adra, cerca de la capital Damasco. El proyecto tiene el objetivo de generar 100 megavatios de electricidad a trav\u00e9s de paneles solares, y se extiende sobre un \u00e1rea de m\u00e1s de &hellip;<\/p>\n","protected":false},"author":32,"featured_media":254904,"comment_status":"closed","ping_status":"closed","sticky":false,"template":"","format":"standard","meta":{"footnotes":""},"categories":[477,597,476,16237,583],"tags":[20549],"class_list":["post-254903","post","type-post","status-publish","format-standard","has-post-thumbnail","","category-noticias-edulcorantes","category-cinta-de-noticias","category-locales","category-presidence-de-la-republique-arabe-syria","category-slide","tag-al-assad"],"_links":{"self":[{"href":"https:\/\/archive.sana.sy\/es\/index.php?rest_route=\/wp\/v2\/posts\/254903"}],"collection":[{"href":"https:\/\/archive.sana.sy\/es\/index.php?rest_route=\/wp\/v2\/posts"}],"about":[{"href":"https:\/\/archive.sana.sy\/es\/index.php?rest_route=\/wp\/v2\/types\/post"}],"author":[{"embeddable":true,"href":"https:\/\/archive.sana.sy\/es\/index.php?rest_route=\/wp\/v2\/users\/32"}],"replies":[{"embeddable":true,"href":"https:\/\/archive.sana.sy\/es\/index.php?rest_route=%2Fwp%2Fv2%2Fcomments&post=254903"}],"version-history":[{"count":0,"href":"https:\/\/archive.sana.sy\/es\/index.php?rest_route=\/wp\/v2\/posts\/254903\/revisions"}],"wp:featuredmedia":[{"embeddable":true,"href":"https:\/\/archive.sana.sy\/es\/index.php?rest_route=\/wp\/v2\/media\/254904"}],"wp:attachment":[{"href":"https:\/\/archive.sana.sy\/es\/index.php?rest_route=%2Fwp%2Fv2%2Fmedia&parent=254903"}],"wp:term":[{"taxonomy":"category","embeddable":true,"href":"https:\/\/archive.sana.sy\/es\/index.php?rest_route=%2Fwp%2Fv2%2Fcategories&post=254903"},{"taxonomy":"post_tag","embeddable":true,"href":"https:\/\/archive.sana.sy\/es\/index.php?rest_route=%2Fwp%2Fv2%2Ftags&post=254903"}],"curies":[{"name":"wp","href":"https:\/\/api.w.org\/{rel}","templated":true}]}}