{"id":25493,"date":"2015-06-23T15:00:34","date_gmt":"2015-06-23T12:00:34","guid":{"rendered":"http:\/\/sana.sy\/es\/?p=25493"},"modified":"2023-01-09T14:10:02","modified_gmt":"2023-01-09T12:10:02","slug":"gobernador-de-hama-examina-con-e-l-fao-la-cooperacion-en-el-sector-agropecuario","status":"publish","type":"post","link":"https:\/\/archive.sana.sy\/es\/?p=25493","title":{"rendered":"Gobernador de Hama examina con la FAO la cooperaci\u00f3n en el sector agropecuario"},"content":{"rendered":"<p><span style=\"color: #800000\">Hama, SANA<\/span><\/p>\n<p>El Gobernador de Hama Ghassan Khalaf examin\u00f3 este martcon la Representante de la\u00a0Organizaci\u00f3n\u00a0de la ONU para la Alimentaci\u00f3n y la Agricultura (FAO) en Siria Eriko Hibi los medios de aumentar el apoyo de su organizaci\u00f3n al sector agropecuario en la provincia.<\/p>\n<p>La respuesta a las necesidades alimenticias b\u00e1sicas de los residentes y personas desplazadas procedentes de otras provincias ha sido uno de los temas principales de la reuni\u00f3n.<\/p>\n<p>El Gobernador de Hama puso a Hibi al tanto del da\u00f1o masivo que sufre el sector agr\u00edcola en Hama debido a los actos terroristas.<\/p>\n<p>Asimismo pidi\u00f3 que la FAO brinde ayuda a los agricultores y ganaderos para aumentar la producci\u00f3n.<\/p>\n<p>A su vez, Hibi manifest\u00f3 la disposici\u00f3n de la FAO de prestar apoyo a todas las zonas sirias, y se\u00f1al\u00f3 que la organizaci\u00f3n ha destinado cerca de 60 millones de d\u00f3lares para apoyar el sector agropecuario en Siria\u00a0en 2015.<\/p>\n<p>La Reresentante de la FAO\u00a0reconoci\u00f3 la creciente demanda de alimentos en la provincia de Hama a la luz del \u00e9xodo de varios afectados del terrorismo a la misma.<\/p>\n<p>&nbsp;<\/p>\n<p>Lynn A.<\/p>\n","protected":false},"excerpt":{"rendered":"<p>Hama, SANA El Gobernador de Hama Ghassan Khalaf examin\u00f3 este martcon la Representante de la\u00a0Organizaci\u00f3n\u00a0de la ONU para la Alimentaci\u00f3n y la Agricultura (FAO) en Siria Eriko Hibi los medios de aumentar el apoyo de su organizaci\u00f3n al sector agropecuario en la provincia. La respuesta a las necesidades alimenticias b\u00e1sicas de los residentes y personas &hellip;<\/p>\n","protected":false},"author":24,"featured_media":25494,"comment_status":"closed","ping_status":"closed","sticky":false,"template":"","format":"standard","meta":{"footnotes":""},"categories":[476],"tags":[5725],"class_list":["post-25493","post","type-post","status-publish","format-standard","has-post-thumbnail","","category-locales","tag-gobernador-de-hama-examina-con-e-l-fao-la-cooperacion-en-el-sector-agropecuario"],"_links":{"self":[{"href":"https:\/\/archive.sana.sy\/es\/index.php?rest_route=\/wp\/v2\/posts\/25493"}],"collection":[{"href":"https:\/\/archive.sana.sy\/es\/index.php?rest_route=\/wp\/v2\/posts"}],"about":[{"href":"https:\/\/archive.sana.sy\/es\/index.php?rest_route=\/wp\/v2\/types\/post"}],"author":[{"embeddable":true,"href":"https:\/\/archive.sana.sy\/es\/index.php?rest_route=\/wp\/v2\/users\/24"}],"replies":[{"embeddable":true,"href":"https:\/\/archive.sana.sy\/es\/index.php?rest_route=%2Fwp%2Fv2%2Fcomments&post=25493"}],"version-history":[{"count":0,"href":"https:\/\/archive.sana.sy\/es\/index.php?rest_route=\/wp\/v2\/posts\/25493\/revisions"}],"wp:featuredmedia":[{"embeddable":true,"href":"https:\/\/archive.sana.sy\/es\/index.php?rest_route=\/wp\/v2\/media\/25494"}],"wp:attachment":[{"href":"https:\/\/archive.sana.sy\/es\/index.php?rest_route=%2Fwp%2Fv2%2Fmedia&parent=25493"}],"wp:term":[{"taxonomy":"category","embeddable":true,"href":"https:\/\/archive.sana.sy\/es\/index.php?rest_route=%2Fwp%2Fv2%2Fcategories&post=25493"},{"taxonomy":"post_tag","embeddable":true,"href":"https:\/\/archive.sana.sy\/es\/index.php?rest_route=%2Fwp%2Fv2%2Ftags&post=25493"}],"curies":[{"name":"wp","href":"https:\/\/api.w.org\/{rel}","templated":true}]}}