{"id":254972,"date":"2022-09-30T15:45:22","date_gmt":"2022-09-30T12:45:22","guid":{"rendered":"http:\/\/107.6.182.27\/es\/?p=254972"},"modified":"2023-01-10T15:12:22","modified_gmt":"2023-01-10T13:12:22","slug":"siria-y-armenia-debaten-formas-de-desarrollar-las-relaciones-economicas-y-comerciales","status":"publish","type":"post","link":"https:\/\/archive.sana.sy\/es\/?p=254972","title":{"rendered":"Siria y Armenia debaten formas de desarrollar las relaciones econ\u00f3micas y comerciales"},"content":{"rendered":"<p style=\"text-align: justify;\"><span style=\"color: #800000;\"><strong>Erev\u00e1n, 30 sep (SANA)\u00a0<\/strong><\/span>El Presidente de la C\u00e1mara de Comercio e Industria de Armenia, Martin Sarkisyan, examin\u00f3 con la embajadora de Siria en Erev\u00e1n, Nora Arisyan, las v\u00edas de desarrollar las relaciones econ\u00f3micas, comerciales e industriales entre ambos pa\u00edses.<\/p>\n<p style=\"text-align: justify;\">Al respecto, Sarkisyan expres\u00f3 la disposici\u00f3n de su pa\u00eds a vitalizar y activar la cooperaci\u00f3n en todos los campos entre los dos pa\u00edses a trav\u00e9s de aprovechar las experiencias de ambas partes.<\/p>\n<p style=\"text-align: justify;\">Por su parte, la embajadora Arisian resalt\u00f3 la importancia de la Ley de Inversiones No. 18 de 2021, que brinda grandes facilidades y ventajas en el campo de la inversi\u00f3n en Siria, as\u00ed como destac\u00f3 la importancia de la participaci\u00f3n de las empresas armenias en el proceso de reconstrucci\u00f3n en Siria.<\/p>\n<p style=\"text-align: justify;\">En un contexto relacionado, la reuni\u00f3n debati\u00f3 tambi\u00e9n el papel de los armenios sirios en el desarrollo de las relaciones econ\u00f3micas y comerciales entre los dos pa\u00edses.<\/p>\n<p style=\"text-align: justify;\"><em><strong>ah\/fm<\/strong><\/em><\/p>\n","protected":false},"excerpt":{"rendered":"<p>Erev\u00e1n, 30 sep (SANA)\u00a0El Presidente de la C\u00e1mara de Comercio e Industria de Armenia, Martin Sarkisyan, examin\u00f3 con la embajadora de Siria en Erev\u00e1n, Nora Arisyan, las v\u00edas de desarrollar las relaciones econ\u00f3micas, comerciales e industriales entre ambos pa\u00edses. Al respecto, Sarkisyan expres\u00f3 la disposici\u00f3n de su pa\u00eds a vitalizar y activar la cooperaci\u00f3n en &hellip;<\/p>\n","protected":false},"author":30,"featured_media":254973,"comment_status":"closed","ping_status":"closed","sticky":false,"template":"","format":"standard","meta":{"footnotes":""},"categories":[597,16686,485,467,7541],"tags":[],"class_list":["post-254972","post","type-post","status-publish","format-standard","has-post-thumbnail","","category-cinta-de-noticias","category-economia","category-informes-negocios-y-finanzas","category-siria-y-el-mundo","category-ultimas-noticias"],"_links":{"self":[{"href":"https:\/\/archive.sana.sy\/es\/index.php?rest_route=\/wp\/v2\/posts\/254972"}],"collection":[{"href":"https:\/\/archive.sana.sy\/es\/index.php?rest_route=\/wp\/v2\/posts"}],"about":[{"href":"https:\/\/archive.sana.sy\/es\/index.php?rest_route=\/wp\/v2\/types\/post"}],"author":[{"embeddable":true,"href":"https:\/\/archive.sana.sy\/es\/index.php?rest_route=\/wp\/v2\/users\/30"}],"replies":[{"embeddable":true,"href":"https:\/\/archive.sana.sy\/es\/index.php?rest_route=%2Fwp%2Fv2%2Fcomments&post=254972"}],"version-history":[{"count":0,"href":"https:\/\/archive.sana.sy\/es\/index.php?rest_route=\/wp\/v2\/posts\/254972\/revisions"}],"wp:featuredmedia":[{"embeddable":true,"href":"https:\/\/archive.sana.sy\/es\/index.php?rest_route=\/wp\/v2\/media\/254973"}],"wp:attachment":[{"href":"https:\/\/archive.sana.sy\/es\/index.php?rest_route=%2Fwp%2Fv2%2Fmedia&parent=254972"}],"wp:term":[{"taxonomy":"category","embeddable":true,"href":"https:\/\/archive.sana.sy\/es\/index.php?rest_route=%2Fwp%2Fv2%2Fcategories&post=254972"},{"taxonomy":"post_tag","embeddable":true,"href":"https:\/\/archive.sana.sy\/es\/index.php?rest_route=%2Fwp%2Fv2%2Ftags&post=254972"}],"curies":[{"name":"wp","href":"https:\/\/api.w.org\/{rel}","templated":true}]}}