{"id":255025,"date":"2022-09-30T14:49:21","date_gmt":"2022-09-30T11:49:21","guid":{"rendered":"http:\/\/107.6.182.27\/es\/?p=255025"},"modified":"2023-01-10T15:52:25","modified_gmt":"2023-01-10T13:52:25","slug":"ulyanov-el-regimen-de-kiev-bombardeo-la-planta-de-zaporiyia-mas-de-30-veces","status":"publish","type":"post","link":"https:\/\/archive.sana.sy\/es\/?p=255025","title":{"rendered":"Ulyanov: el r\u00e9gimen de Kiev bombarde\u00f3 la planta de Zaporiyia m\u00e1s de 30 veces"},"content":{"rendered":"<p style=\"text-align: justify;\"><span style=\"color: #800000;\"><strong>Viena, 30 sep (SANA)\u00a0<\/strong> <\/span>\u00a0El delegado de Rusia ante las organizaciones internacionales en Viena, Mikhail Ulyanov, dijo que las fuerzas ucranianas atacaron las inmediaciones de la planta nuclear de Zaporiyia y su infraestructura m\u00e1s de 30 veces en dos meses y medio.<\/p>\n<p style=\"text-align: justify;\">Citado por la agencia de noticias TASS, Ulyanov dijo que los bombardeos continuaron incluso durante la presencia del personal de la Agencia Internacional de Energ\u00eda At\u00f3mica all\u00ed, as\u00ed como durante la sesi\u00f3n de la Conferencia General de la Agencia.<\/p>\n<p style=\"text-align: justify;\">Agreg\u00f3 que la asistencia brindada por Mosc\u00fa facilit\u00f3 la misi\u00f3n de La misi\u00f3n de la Agencia durante su visita a la planta nuclear de Zaporiyia, pero la coordinaci\u00f3n no ha sido debido a la interferencia externa.<\/p>\n<p style=\"text-align: justify;\">El Ministerio de Defensa ruso hab\u00eda anunciado que las formaciones armadas ucranianas dispararon m\u00e1s de 120 proyectiles de artiller\u00eda y utilizaron al menos 16 drones &#8220;Kamikaze&#8221; para atacar a la referida planta.<\/p>\n<p style=\"text-align: justify;\">Adem\u00e1s, el diplom\u00e1tico ruso se\u00f1al\u00f3 que los empleados de la estaci\u00f3n desempe\u00f1aron sus funciones profesionales bajo una gran presi\u00f3n, no solo por el bombardeo, sino tambi\u00e9n bajo una fuerte presi\u00f3n psicol\u00f3gica e intimidaci\u00f3n ejercida contra ellos por los servicios de seguridad ucranianos a trav\u00e9s de llamadas telef\u00f3nicas, mensajes y amenazas a trav\u00e9s de las redes sociales.<\/p>\n<p style=\"text-align: justify;\">sm<\/p>\n","protected":false},"excerpt":{"rendered":"<p>Viena, 30 sep (SANA)\u00a0 \u00a0El delegado de Rusia ante las organizaciones internacionales en Viena, Mikhail Ulyanov, dijo que las fuerzas ucranianas atacaron las inmediaciones de la planta nuclear de Zaporiyia y su infraestructura m\u00e1s de 30 veces en dos meses y medio. Citado por la agencia de noticias TASS, Ulyanov dijo que los bombardeos continuaron &hellip;<\/p>\n","protected":false},"author":39,"featured_media":255026,"comment_status":"closed","ping_status":"closed","sticky":false,"template":"","format":"standard","meta":{"footnotes":""},"categories":[597,456,20724,7541],"tags":[19815,20281,21038],"class_list":["post-255025","post","type-post","status-publish","format-standard","has-post-thumbnail","","category-cinta-de-noticias","category-arabe-internacional-politica","category-minuto-a-minuto","category-ultimas-noticias","tag-bombardeo","tag-kiev","tag-zaporiyia"],"_links":{"self":[{"href":"https:\/\/archive.sana.sy\/es\/index.php?rest_route=\/wp\/v2\/posts\/255025"}],"collection":[{"href":"https:\/\/archive.sana.sy\/es\/index.php?rest_route=\/wp\/v2\/posts"}],"about":[{"href":"https:\/\/archive.sana.sy\/es\/index.php?rest_route=\/wp\/v2\/types\/post"}],"author":[{"embeddable":true,"href":"https:\/\/archive.sana.sy\/es\/index.php?rest_route=\/wp\/v2\/users\/39"}],"replies":[{"embeddable":true,"href":"https:\/\/archive.sana.sy\/es\/index.php?rest_route=%2Fwp%2Fv2%2Fcomments&post=255025"}],"version-history":[{"count":0,"href":"https:\/\/archive.sana.sy\/es\/index.php?rest_route=\/wp\/v2\/posts\/255025\/revisions"}],"wp:featuredmedia":[{"embeddable":true,"href":"https:\/\/archive.sana.sy\/es\/index.php?rest_route=\/wp\/v2\/media\/255026"}],"wp:attachment":[{"href":"https:\/\/archive.sana.sy\/es\/index.php?rest_route=%2Fwp%2Fv2%2Fmedia&parent=255025"}],"wp:term":[{"taxonomy":"category","embeddable":true,"href":"https:\/\/archive.sana.sy\/es\/index.php?rest_route=%2Fwp%2Fv2%2Fcategories&post=255025"},{"taxonomy":"post_tag","embeddable":true,"href":"https:\/\/archive.sana.sy\/es\/index.php?rest_route=%2Fwp%2Fv2%2Ftags&post=255025"}],"curies":[{"name":"wp","href":"https:\/\/api.w.org\/{rel}","templated":true}]}}