{"id":25509,"date":"2015-06-24T12:35:29","date_gmt":"2015-06-24T09:35:29","guid":{"rendered":"http:\/\/sana.sy\/es\/?p=25509"},"modified":"2023-01-10T15:35:15","modified_gmt":"2023-01-10T13:35:15","slug":"principales-titulares-de-los-diarios-sirios-publicados-este-miercoles","status":"publish","type":"post","link":"https:\/\/archive.sana.sy\/es\/?p=25509","title":{"rendered":"Principales titulares de los diarios sirios publicados este mi\u00e9rcoles"},"content":{"rendered":"<p>&nbsp;<\/p>\n<p>1- Al-Halqui subraya durante la sesi\u00f3n semanal del Gobierno que la escasez de agua que sufre Damasco se debe a atentados terroristas contra la fuente de Fijeh.<\/p>\n<p>2- Parlamento aprueba art\u00edculos del proyecto de ley que abarca Ley de Comercio y Protecci\u00f3n del Consumidor.<\/p>\n<p>3- Un doble atentado terrorista sacude la ciudad de Hasaka y deja m\u00e1rtires y heridos.<\/p>\n<p>4- Fuerzas Armadas y la Resistencia Libanesa amplian dominio sobre Qalamoun.<\/p>\n<p>5- En la provincia nororiental de Hassakeh, escuadras del Ej\u00e9rcito y de las Fuerzas Armadas lanzaron operativos en los que destruyeron a escondites y concentraciones de los terroristas del Estado Isl\u00e1mico (EI), en las localidades de Sabah y Melibieh, en el campo sur de esta provincia.<\/p>\n<p>6- En el campo de Idleb, las FFAA acabaron con una banda terrorista, as\u00ed como aniquilaron un veh\u00edculo que transportaba a terroristas del Frente de al-Nousra en Yannet al-Qura al suroeste de la ciudad de Idleb.<\/p>\n<p>7- En el centro del pa\u00eds, las Fuerzas Armadas tendieron una emboscada contra un grupo de terroristas de la organizaci\u00f3n del Estado Isl\u00e1mico, causando la muerte y heridas a numerosos elementos.<\/p>\n<p>8- Una fuente militar inform\u00f3 que una unidad castrense bombarde\u00f3 un escondite en el que se reun\u00edan cabecillas de organizaciones terroristas en el barrio sudeste de la ciudad de Busra Al Sham, ubicada al este de Deraa.<\/p>\n<p>9- FFAA asestaron duros golpes a concentraciones de terroristas en los campo norte y noreste de Quneitra, seg\u00fan inform\u00f3 una fuente militar.<\/p>\n<p>10-\u00a0\u00a0\u00a0\u00a0\u00a0\u00a0\u00a0\u00a0\u00a0\u00a0\u00a0\u00a0\u00a0 FFAA atacaron posiciones del Estado Isl\u00e1mico en la periferia del aeropuerto militar de Deir Ezzor, donde infligieron numerosas bajas en sus filas.<\/p>\n<p>11-\u00a0\u00a0\u00a0\u00a0\u00a0\u00a0\u00a0\u00a0\u00a0\u00a0\u00a0\u00a0\u00a0 Velayati reitera postura iran\u00ed de apoyo a Siria en la lucha contra el terrorismo y el extremismo<\/p>\n<p>12-\u00a0\u00a0\u00a0\u00a0\u00a0\u00a0\u00a0\u00a0\u00a0\u00a0\u00a0\u00a0\u00a0 Rusia y Egipto destacan necesidad de proseguir esfuerzos pol\u00edticos encaminados a resolver la crisis siria.<\/p>\n<p>13-\u00a0\u00a0\u00a0\u00a0\u00a0\u00a0\u00a0\u00a0\u00a0\u00a0\u00a0\u00a0\u00a0 Fuerzas iraqu\u00edes eliminan a m\u00e1s de 70 terroristas y destruyen a escondites del EI.<\/p>\n<p>&nbsp;<\/p>\n","protected":false},"excerpt":{"rendered":"<p>&nbsp; 1- Al-Halqui subraya durante la sesi\u00f3n semanal del Gobierno que la escasez de agua que sufre Damasco se debe a atentados terroristas contra la fuente de Fijeh. 2- Parlamento aprueba art\u00edculos del proyecto de ley que abarca Ley de Comercio y Protecci\u00f3n del Consumidor. 3- Un doble atentado terrorista sacude la ciudad de Hasaka &hellip;<\/p>\n","protected":false},"author":1,"featured_media":3190,"comment_status":"closed","ping_status":"closed","sticky":false,"template":"","format":"standard","meta":{"footnotes":""},"categories":[447,555],"tags":[5726],"class_list":["post-25509","post","type-post","status-publish","format-standard","has-post-thumbnail","","category-local-politica","category-prensa","tag-principales-titulares-de-los-diarios-sirios-publicados-este-miercoles"],"_links":{"self":[{"href":"https:\/\/archive.sana.sy\/es\/index.php?rest_route=\/wp\/v2\/posts\/25509"}],"collection":[{"href":"https:\/\/archive.sana.sy\/es\/index.php?rest_route=\/wp\/v2\/posts"}],"about":[{"href":"https:\/\/archive.sana.sy\/es\/index.php?rest_route=\/wp\/v2\/types\/post"}],"author":[{"embeddable":true,"href":"https:\/\/archive.sana.sy\/es\/index.php?rest_route=\/wp\/v2\/users\/1"}],"replies":[{"embeddable":true,"href":"https:\/\/archive.sana.sy\/es\/index.php?rest_route=%2Fwp%2Fv2%2Fcomments&post=25509"}],"version-history":[{"count":0,"href":"https:\/\/archive.sana.sy\/es\/index.php?rest_route=\/wp\/v2\/posts\/25509\/revisions"}],"wp:featuredmedia":[{"embeddable":true,"href":"https:\/\/archive.sana.sy\/es\/index.php?rest_route=\/wp\/v2\/media\/3190"}],"wp:attachment":[{"href":"https:\/\/archive.sana.sy\/es\/index.php?rest_route=%2Fwp%2Fv2%2Fmedia&parent=25509"}],"wp:term":[{"taxonomy":"category","embeddable":true,"href":"https:\/\/archive.sana.sy\/es\/index.php?rest_route=%2Fwp%2Fv2%2Fcategories&post=25509"},{"taxonomy":"post_tag","embeddable":true,"href":"https:\/\/archive.sana.sy\/es\/index.php?rest_route=%2Fwp%2Fv2%2Ftags&post=25509"}],"curies":[{"name":"wp","href":"https:\/\/api.w.org\/{rel}","templated":true}]}}