{"id":25511,"date":"2015-06-24T12:39:09","date_gmt":"2015-06-24T09:39:09","guid":{"rendered":"http:\/\/sana.sy\/es\/?p=25511"},"modified":"2015-06-24T15:21:03","modified_gmt":"2015-06-24T12:21:03","slug":"periodista-checa-una-coordinacion-suadita-israeli-contra-el-expediente-nuclear-irani","status":"publish","type":"post","link":"https:\/\/archive.sana.sy\/es\/?p=25511","title":{"rendered":"Periodista checa: una coordinaci\u00f3n suadita-israel\u00ed contra el expediente nuclear iran\u00ed"},"content":{"rendered":"<p>La periodista checa, Teresa Spintserova, \u00a0revel\u00f3 que la coordinaci\u00f3n de las medidas adoptadas por Israel con el eje turco- saud\u00ed se ha convertido en una verdadera alianza destinada a obstaculizar el alcance de un acuerdo final con respecto al expediente nuclear iran\u00ed.<\/p>\n<p>La referida periodista destac\u00f3, en un art\u00edculo publicado por el diario checo \u00a0Literarni Noviny, que &#8220;Israel tambi\u00e9n apoya la agresi\u00f3n de Arabia Saudita contra Yemen y est\u00e1 apoyando tambi\u00e9n a los yihadistas en Siria de la misma forma adoptada por Arabia Saudita y Turqu\u00eda&#8221;, se\u00f1alando que la entidad sionista ofrece la atenci\u00f3n m\u00e9dica necesaria a los elementos de la organizaci\u00f3n terrorista Frente de Al-Nusra y bombarde\u00f3 en varias oportunidades posiciones \u00a0en Siria.<\/p>\n<p>Spintserova se\u00f1al\u00f3 que el motivo de estas agresiones israel\u00edes fue explicado por Michael Oren, embajador de la ocupaci\u00f3n sionista en aquel entonces en los Estados Unidos y un asesor cercano de Benjamin Netanyahu .. quien dijo que &#8220;la mayor amenaza para Israel se encuentra en el eje estrat\u00e9gico que va desde Teher\u00e1n a Beirut a trav\u00e9s de Damasco, la que representa la primera piedra en este eje y quer\u00edamos siempre colapsar la direcci\u00f3n siria y por lo tanto Israel ahora prefiere la victoria de la organizaci\u00f3n terrorista de Daesh que la victoria de la actual direcci\u00f3n siria\u201d.<\/p>\n<p>La Periodista checa se\u00f1al\u00f3 que el eje Arabia Saudita- Turqu\u00eda-Entidad Sionista recibi\u00f3 un golpe doloroso despu\u00e9s de las recientes elecciones parlamentarias en Turqu\u00eda, debido a la \u00a0p\u00e9rdida del partido de Recep Tayyip Erdogan la mayor\u00eda y luego debido a los recientes desarrollos en curso sobre el terreno en Siria, lo que complica la situaci\u00f3n de Erdogan para seguir controlando las cuerdas de la guerra en Siria a trav\u00e9s de los extremistas.<\/p>\n<p>Spintserova explic\u00f3 que los fuertes v\u00ednculos entre el r\u00e9gimen de Erdogan y la organizaci\u00f3n terrorista de DAESH han llegado a niveles superiores, ya que el referido r\u00e9gimen proporcionada gratuitamente electricidad a los terroristas de DAESH la ciudad siria de Tal Abiad.<\/p>\n<p>Igualmente, Spintserova se\u00f1al\u00f3 que los ciudadanos turcos se ven afectados por lo que emite la televisi\u00f3n turca, y que a pesar del impacto y la influencia de Erdogan en los turcos, la \u00faltima encuesta de opini\u00f3n mostr\u00f3 que el 20% de los turcos aceptan la permanente obsesi\u00f3n de Erdogan en derrocar al gobierno sirio<\/p>\n<p>Por lo tanto, Spintserova tambi\u00e9n manifest\u00f3 que Arabia Saudita tambi\u00e9n est\u00e1 trabajando con la entidad sionista para mostrar los conflictos en curso en la regi\u00f3n como una continuaci\u00f3n de los conflictos que exist\u00edan hace cientos de a\u00f1os, aunque la apuesta en las guerras religiosas es el camino real hacia el infierno, haciendo hincapi\u00e9 en que las guerras en curso no se produjeron debido a las diferencias religiosas, si no en base de las ambiciones de poder de ciertas partes. Sin embargo, se est\u00e1 utilizando la religi\u00f3n como un pretexto para justificar estos conflictos y ampliar las diferencias religiosas.<\/p>\n<p>Spintserova concluy\u00f3 afirmando que existe una separaci\u00f3n racial y religiosa en \u00a0Arabia Saudita y una similitud ideol\u00f3gica entre el r\u00e9gimen saud\u00ed y la organizaci\u00f3n terrorista de DAESH.<\/p>\n<p>&nbsp;<\/p>\n<p>&nbsp;<\/p>\n<p>Lynn A., Hala B.<\/p>\n","protected":false},"excerpt":{"rendered":"<p>La periodista checa, Teresa Spintserova, \u00a0revel\u00f3 que la coordinaci\u00f3n de las medidas adoptadas por Israel con el eje turco- saud\u00ed se ha convertido en una verdadera alianza destinada a obstaculizar el alcance de un acuerdo final con respecto al expediente nuclear iran\u00ed. La referida periodista destac\u00f3, en un art\u00edculo publicado por el diario checo \u00a0Literarni &hellip;<\/p>\n","protected":false},"author":1,"featured_media":25512,"comment_status":"closed","ping_status":"closed","sticky":false,"template":"","format":"standard","meta":{"footnotes":""},"categories":[555],"tags":[5727],"class_list":["post-25511","post","type-post","status-publish","format-standard","has-post-thumbnail","","category-prensa","tag-periodista-checa-una-coordinacion-suadita-israeli-contra-el-expediente-nuclear-irani"],"_links":{"self":[{"href":"https:\/\/archive.sana.sy\/es\/index.php?rest_route=\/wp\/v2\/posts\/25511"}],"collection":[{"href":"https:\/\/archive.sana.sy\/es\/index.php?rest_route=\/wp\/v2\/posts"}],"about":[{"href":"https:\/\/archive.sana.sy\/es\/index.php?rest_route=\/wp\/v2\/types\/post"}],"author":[{"embeddable":true,"href":"https:\/\/archive.sana.sy\/es\/index.php?rest_route=\/wp\/v2\/users\/1"}],"replies":[{"embeddable":true,"href":"https:\/\/archive.sana.sy\/es\/index.php?rest_route=%2Fwp%2Fv2%2Fcomments&post=25511"}],"version-history":[{"count":0,"href":"https:\/\/archive.sana.sy\/es\/index.php?rest_route=\/wp\/v2\/posts\/25511\/revisions"}],"wp:featuredmedia":[{"embeddable":true,"href":"https:\/\/archive.sana.sy\/es\/index.php?rest_route=\/wp\/v2\/media\/25512"}],"wp:attachment":[{"href":"https:\/\/archive.sana.sy\/es\/index.php?rest_route=%2Fwp%2Fv2%2Fmedia&parent=25511"}],"wp:term":[{"taxonomy":"category","embeddable":true,"href":"https:\/\/archive.sana.sy\/es\/index.php?rest_route=%2Fwp%2Fv2%2Fcategories&post=25511"},{"taxonomy":"post_tag","embeddable":true,"href":"https:\/\/archive.sana.sy\/es\/index.php?rest_route=%2Fwp%2Fv2%2Ftags&post=25511"}],"curies":[{"name":"wp","href":"https:\/\/api.w.org\/{rel}","templated":true}]}}