{"id":255112,"date":"2022-09-30T15:35:21","date_gmt":"2022-09-30T12:35:21","guid":{"rendered":"http:\/\/107.6.182.27\/es\/?p=255112"},"modified":"2023-01-10T15:52:24","modified_gmt":"2023-01-10T13:52:24","slug":"decenas-de-palestinos-resultan-heridos-por-agresion-israeli-en-belen","status":"publish","type":"post","link":"https:\/\/archive.sana.sy\/es\/?p=255112","title":{"rendered":"Decenas de palestinos resultan heridos por agresi\u00f3n israel\u00ed en Bel\u00e9n"},"content":{"rendered":"<p style=\"text-align: justify;\"><span style=\"color: #800000;\"><strong>Jerusal\u00e9n ocupada, 30 sep (SANA)\u00a0 \u00a0<\/strong><\/span>Decenas de palestinos resultaron heridos como resultado de una agresi\u00f3n por parte de las fuerzas de ocupaci\u00f3n israel\u00edes en el campamento de Aida, al norte de Bel\u00e9n, en Cisjordania.<\/p>\n<p style=\"text-align: justify;\">La agencia de noticias palestina Wafa inform\u00f3 que las fuerzas de ocupaci\u00f3n irrumpieron en el mencionado campamento, abrieron fuego y lanzaron bombas de gas venenoso, lo que provoc\u00f3 la lesi\u00f3n de un ni\u00f1o y la asfixia de decenas.<\/p>\n<p style=\"text-align: justify;\">Asimismo, decenas de palestinos resultaron heridos en varias ciudades y pueblos de Cisjordania como resultado de la represi\u00f3n de las tropas de ocupaci\u00f3n de manifestaciones contra los asentamientos.<\/p>\n<p style=\"text-align: justify;\">sm<\/p>\n","protected":false},"excerpt":{"rendered":"<p>Jerusal\u00e9n ocupada, 30 sep (SANA)\u00a0 \u00a0Decenas de palestinos resultaron heridos como resultado de una agresi\u00f3n por parte de las fuerzas de ocupaci\u00f3n israel\u00edes en el campamento de Aida, al norte de Bel\u00e9n, en Cisjordania. La agencia de noticias palestina Wafa inform\u00f3 que las fuerzas de ocupaci\u00f3n irrumpieron en el mencionado campamento, abrieron fuego y lanzaron &hellip;<\/p>\n","protected":false},"author":39,"featured_media":255113,"comment_status":"closed","ping_status":"closed","sticky":false,"template":"","format":"standard","meta":{"footnotes":""},"categories":[597,456,20724,7541],"tags":[21081,10660,19613],"class_list":["post-255112","post","type-post","status-publish","format-standard","has-post-thumbnail","","category-cinta-de-noticias","category-arabe-internacional-politica","category-minuto-a-minuto","category-ultimas-noticias","tag-heridos-palestinos","tag-jerusalen-ocupada","tag-ocupacion-israeli"],"_links":{"self":[{"href":"https:\/\/archive.sana.sy\/es\/index.php?rest_route=\/wp\/v2\/posts\/255112"}],"collection":[{"href":"https:\/\/archive.sana.sy\/es\/index.php?rest_route=\/wp\/v2\/posts"}],"about":[{"href":"https:\/\/archive.sana.sy\/es\/index.php?rest_route=\/wp\/v2\/types\/post"}],"author":[{"embeddable":true,"href":"https:\/\/archive.sana.sy\/es\/index.php?rest_route=\/wp\/v2\/users\/39"}],"replies":[{"embeddable":true,"href":"https:\/\/archive.sana.sy\/es\/index.php?rest_route=%2Fwp%2Fv2%2Fcomments&post=255112"}],"version-history":[{"count":0,"href":"https:\/\/archive.sana.sy\/es\/index.php?rest_route=\/wp\/v2\/posts\/255112\/revisions"}],"wp:featuredmedia":[{"embeddable":true,"href":"https:\/\/archive.sana.sy\/es\/index.php?rest_route=\/wp\/v2\/media\/255113"}],"wp:attachment":[{"href":"https:\/\/archive.sana.sy\/es\/index.php?rest_route=%2Fwp%2Fv2%2Fmedia&parent=255112"}],"wp:term":[{"taxonomy":"category","embeddable":true,"href":"https:\/\/archive.sana.sy\/es\/index.php?rest_route=%2Fwp%2Fv2%2Fcategories&post=255112"},{"taxonomy":"post_tag","embeddable":true,"href":"https:\/\/archive.sana.sy\/es\/index.php?rest_route=%2Fwp%2Fv2%2Ftags&post=255112"}],"curies":[{"name":"wp","href":"https:\/\/api.w.org\/{rel}","templated":true}]}}