{"id":255119,"date":"2022-09-30T18:06:30","date_gmt":"2022-09-30T15:06:30","guid":{"rendered":"http:\/\/107.6.182.27\/es\/?p=255119"},"modified":"2022-09-30T21:28:58","modified_gmt":"2022-09-30T18:28:58","slug":"siria-gana-una-medulla-de-oro-en-el-campeonato-mundial-de-karate-tradicional","status":"publish","type":"post","link":"https:\/\/archive.sana.sy\/es\/?p=255119","title":{"rendered":"Siria gana una medalla de oro en el Campeonato Mundial de Karate Tradicional"},"content":{"rendered":"<p style=\"text-align: justify;\"><span style=\"color: #800000;\"><strong>Praga, 30 sep (SANA)\u00a0 <\/strong><\/span>El jugador sirio, Anas Kamal Jarbou, logr\u00f3 el primer puesto y la medalla de oro en combate individual en el 29\u00ba Campeonato Mundial de Karate Tradicional que se celebra actualmente en la Rep\u00fablica Checa.<\/p>\n<p style=\"text-align: justify;\">El secretario de la Federaci\u00f3n de Artes Marciales, Zuhair Hallaq, explic\u00f3 a SANA que obtener el primer lugar y la medalla de oro en dicho Campeonato es un logro importante para el deporte sirio en general, y para el Karate tradicional en particular.<\/p>\n<p style=\"text-align: justify;\">Se\u00f1al\u00f3 que la federaci\u00f3n est\u00e1 trabajando arduamente para ampliar la base de este juego en varios clubes.<\/p>\n<p style=\"text-align: justify;\">sm<\/p>\n","protected":false},"excerpt":{"rendered":"<p>Praga, 30 sep (SANA)\u00a0 El jugador sirio, Anas Kamal Jarbou, logr\u00f3 el primer puesto y la medalla de oro en combate individual en el 29\u00ba Campeonato Mundial de Karate Tradicional que se celebra actualmente en la Rep\u00fablica Checa. El secretario de la Federaci\u00f3n de Artes Marciales, Zuhair Hallaq, explic\u00f3 a SANA que obtener el primer &hellip;<\/p>\n","protected":false},"author":39,"featured_media":255120,"comment_status":"closed","ping_status":"closed","sticky":false,"template":"","format":"standard","meta":{"footnotes":""},"categories":[597,494,467,7541],"tags":[21088,8716,10769,21086,21087,11651,6553],"class_list":["post-255119","post","type-post","status-publish","format-standard","has-post-thumbnail","","category-cinta-de-noticias","category-deportes","category-siria-y-el-mundo","category-ultimas-noticias","tag-campeonato-mundial","tag-checa","tag-karate","tag-medalla","tag-oro","tag-praga","tag-siria"],"_links":{"self":[{"href":"https:\/\/archive.sana.sy\/es\/index.php?rest_route=\/wp\/v2\/posts\/255119"}],"collection":[{"href":"https:\/\/archive.sana.sy\/es\/index.php?rest_route=\/wp\/v2\/posts"}],"about":[{"href":"https:\/\/archive.sana.sy\/es\/index.php?rest_route=\/wp\/v2\/types\/post"}],"author":[{"embeddable":true,"href":"https:\/\/archive.sana.sy\/es\/index.php?rest_route=\/wp\/v2\/users\/39"}],"replies":[{"embeddable":true,"href":"https:\/\/archive.sana.sy\/es\/index.php?rest_route=%2Fwp%2Fv2%2Fcomments&post=255119"}],"version-history":[{"count":0,"href":"https:\/\/archive.sana.sy\/es\/index.php?rest_route=\/wp\/v2\/posts\/255119\/revisions"}],"wp:featuredmedia":[{"embeddable":true,"href":"https:\/\/archive.sana.sy\/es\/index.php?rest_route=\/wp\/v2\/media\/255120"}],"wp:attachment":[{"href":"https:\/\/archive.sana.sy\/es\/index.php?rest_route=%2Fwp%2Fv2%2Fmedia&parent=255119"}],"wp:term":[{"taxonomy":"category","embeddable":true,"href":"https:\/\/archive.sana.sy\/es\/index.php?rest_route=%2Fwp%2Fv2%2Fcategories&post=255119"},{"taxonomy":"post_tag","embeddable":true,"href":"https:\/\/archive.sana.sy\/es\/index.php?rest_route=%2Fwp%2Fv2%2Ftags&post=255119"}],"curies":[{"name":"wp","href":"https:\/\/api.w.org\/{rel}","templated":true}]}}