{"id":25514,"date":"2015-06-24T19:10:58","date_gmt":"2015-06-24T16:10:58","guid":{"rendered":"http:\/\/sana.sy\/es\/?p=25514"},"modified":"2015-06-24T19:15:21","modified_gmt":"2015-06-24T16:15:21","slug":"teheran-la-proxima-reunion-tripartita-entre-iran-siria-e-irak-reforzara-la-cooperacion-en-la-lucha-contra-el-terrorismo","status":"publish","type":"post","link":"https:\/\/archive.sana.sy\/es\/?p=25514","title":{"rendered":"Teher\u00e1n: la pr\u00f3xima reuni\u00f3n tripartita entre Ir\u00e1n, Siria e Irak reforzar\u00e1 la cooperaci\u00f3n en la lucha contra el terrorismo"},"content":{"rendered":"<p><span style=\"color: #800000\">Teher\u00e1n, SANA<\/span><\/p>\n<p>La portavoz del ministerio de Exteriores de Ir\u00e1n, Mardiya Afkham, revel\u00f3 la existencia de mecanismos para promover el proceso de cooperaci\u00f3n entre Siria, Ir\u00e1n e Irak benefici\u00e1ndose de las posibilidades existentes.<\/p>\n<p>En su conferencia de prensa semanal, la vocera iran\u00ed hizo alusi\u00f3n a la reciente visita del ministro del Interior sirio a Ir\u00e1n resaltando las declaraciones del asesor del l\u00edder de la Revoluci\u00f3n para asuntos internacionales, Ali Akbar Velayati, en las que afirm\u00f3 que la pr\u00f3xima semana presenciar\u00e1 un desarrollo significativo en las relaciones entre los tres pa\u00edses.<\/p>\n<p>Afkham subrayando la importancia de la reuni\u00f3n trilateral de los ministros del Interior de Siria, Ir\u00e1n e Irak, que se efectuar\u00e1 en Bagdad, y agreg\u00f3 que &#8220;esta reuni\u00f3n es un paso y desarrollo cualitativo en las relaciones entre los tres pa\u00edses y llevar\u00e1 a elevar el nivel de cooperaci\u00f3n, en particular en la lucha contra el terrorismo y las organizaciones terroristas.<\/p>\n<p>Seg\u00fan la alta funcionaria iran\u00ed, la cita constituir\u00e1 una oportunidad para el di\u00e1logo y la cooperaci\u00f3n, y para aprovechar las capacidades existentes en la soluci\u00f3n de los problemas y la eliminaci\u00f3n de los obst\u00e1culos.<\/p>\n<p>&nbsp;<\/p>\n<p>Fady M., Hala B.<\/p>\n","protected":false},"excerpt":{"rendered":"<p>Teher\u00e1n, SANA La portavoz del ministerio de Exteriores de Ir\u00e1n, Mardiya Afkham, revel\u00f3 la existencia de mecanismos para promover el proceso de cooperaci\u00f3n entre Siria, Ir\u00e1n e Irak benefici\u00e1ndose de las posibilidades existentes. En su conferencia de prensa semanal, la vocera iran\u00ed hizo alusi\u00f3n a la reciente visita del ministro del Interior sirio a Ir\u00e1n &hellip;<\/p>\n","protected":false},"author":1,"featured_media":25515,"comment_status":"closed","ping_status":"closed","sticky":false,"template":"","format":"standard","meta":{"footnotes":""},"categories":[456,457,576],"tags":[5728],"class_list":["post-25514","post","type-post","status-publish","format-standard","has-post-thumbnail","","category-arabe-internacional-politica","category-noticias-arabe-internacional-politica","category-noticias-politicas","tag-teheran-la-proxima-reunion-tripartita-entre-iran"],"_links":{"self":[{"href":"https:\/\/archive.sana.sy\/es\/index.php?rest_route=\/wp\/v2\/posts\/25514"}],"collection":[{"href":"https:\/\/archive.sana.sy\/es\/index.php?rest_route=\/wp\/v2\/posts"}],"about":[{"href":"https:\/\/archive.sana.sy\/es\/index.php?rest_route=\/wp\/v2\/types\/post"}],"author":[{"embeddable":true,"href":"https:\/\/archive.sana.sy\/es\/index.php?rest_route=\/wp\/v2\/users\/1"}],"replies":[{"embeddable":true,"href":"https:\/\/archive.sana.sy\/es\/index.php?rest_route=%2Fwp%2Fv2%2Fcomments&post=25514"}],"version-history":[{"count":0,"href":"https:\/\/archive.sana.sy\/es\/index.php?rest_route=\/wp\/v2\/posts\/25514\/revisions"}],"wp:featuredmedia":[{"embeddable":true,"href":"https:\/\/archive.sana.sy\/es\/index.php?rest_route=\/wp\/v2\/media\/25515"}],"wp:attachment":[{"href":"https:\/\/archive.sana.sy\/es\/index.php?rest_route=%2Fwp%2Fv2%2Fmedia&parent=25514"}],"wp:term":[{"taxonomy":"category","embeddable":true,"href":"https:\/\/archive.sana.sy\/es\/index.php?rest_route=%2Fwp%2Fv2%2Fcategories&post=25514"},{"taxonomy":"post_tag","embeddable":true,"href":"https:\/\/archive.sana.sy\/es\/index.php?rest_route=%2Fwp%2Fv2%2Ftags&post=25514"}],"curies":[{"name":"wp","href":"https:\/\/api.w.org\/{rel}","templated":true}]}}