{"id":25522,"date":"2015-06-24T14:34:21","date_gmt":"2015-06-24T11:34:21","guid":{"rendered":"http:\/\/sana.sy\/es\/?p=25522"},"modified":"2015-06-24T14:34:21","modified_gmt":"2015-06-24T11:34:21","slug":"90-terroristas-del-ei-caen-entre-muertos-o-heridos-a-manos-del-ejercito-iraqui","status":"publish","type":"post","link":"https:\/\/archive.sana.sy\/es\/?p=25522","title":{"rendered":"90 terroristas del EI caen entre muertos o heridos a manos del Ej\u00e9rcito iraqu\u00ed"},"content":{"rendered":"<div><span lang=\"ES-TRAD\" style=\"color: #ff0000\">Bagdad SANA<\/span><\/div>\n<div><\/div>\n<div><span lang=\"ES-TRAD\">El ministerio de Defensa iraqu\u00ed anunci\u00f3 la muerte y heridas de 90 terroristas, entre ellos el llamado &#8220;Muft\u00ed del Estado Isl\u00e1mico&#8221; en las operaciones llevadas a cabo por las fuerzas militares iraqu\u00edes respaldadas por la fuerza a\u00e9rea en la provincia de Anbar.<\/span><\/div>\n<div><\/div>\n<div><span lang=\"ES-TRAD\">En un comunicado, el ministerio dijo que una fuerza del Comando de Operaciones de Anbar bombarde\u00f3 a concentraciones del Estado Isl\u00e1mico eliminado a 24 terroristas e hiriendo a otros 36, adem\u00e1s de destruir a 12 escondites y cuatro ca\u00f1ones antia\u00e9reos.<\/span><\/div>\n<div><\/div>\n<div><span lang=\"ES-TRAD\">El ministerio se\u00f1al\u00f3 que las fuerzas antiterroristas y base de informaci\u00f3n de inteligencia, bombarde\u00f3 a dep\u00f3sitos de armas y municiones de los terroristas en la zona este de Husaybah, y acab\u00f3 con m\u00e1s de 30 terroristas.<\/span><\/div>\n<div><\/div>\n<div><span lang=\"ES-TRAD\">Las fuerzas iraqu\u00edes conjuntas hab\u00edan eliminado a m\u00e1s de 70 terroristas y destruyeron varios escondites de las bandas del EI en operaciones separadas en varias provincias.<\/span><\/div>\n<div><\/div>\n<div><span style=\"color: #00ccff\">Fady M., Hala B.<\/span><\/div>\n<div class=\"yj6qo ajU\">\n<div id=\":ls\" class=\"ajR\"><span style=\"color: #00ccff\"><img decoding=\"async\" class=\"ajT\" src=\"https:\/\/ssl.gstatic.com\/ui\/v1\/icons\/mail\/images\/cleardot.gif\" alt=\"\" \/><\/span><\/div>\n<\/div>\n","protected":false},"excerpt":{"rendered":"<p>Bagdad SANA El ministerio de Defensa iraqu\u00ed anunci\u00f3 la muerte y heridas de 90 terroristas, entre ellos el llamado &#8220;Muft\u00ed del Estado Isl\u00e1mico&#8221; en las operaciones llevadas a cabo por las fuerzas militares iraqu\u00edes respaldadas por la fuerza a\u00e9rea en la provincia de Anbar. En un comunicado, el ministerio dijo que una fuerza del Comando &hellip;<\/p>\n","protected":false},"author":1,"featured_media":25523,"comment_status":"closed","ping_status":"closed","sticky":false,"template":"","format":"standard","meta":{"footnotes":""},"categories":[456,576],"tags":[5731],"class_list":["post-25522","post","type-post","status-publish","format-standard","has-post-thumbnail","","category-arabe-internacional-politica","category-noticias-politicas","tag-90-terroristas-del-ei-caen-entre-muertos-o-heridos-a-manos-del-ejercito-iraqui"],"_links":{"self":[{"href":"https:\/\/archive.sana.sy\/es\/index.php?rest_route=\/wp\/v2\/posts\/25522"}],"collection":[{"href":"https:\/\/archive.sana.sy\/es\/index.php?rest_route=\/wp\/v2\/posts"}],"about":[{"href":"https:\/\/archive.sana.sy\/es\/index.php?rest_route=\/wp\/v2\/types\/post"}],"author":[{"embeddable":true,"href":"https:\/\/archive.sana.sy\/es\/index.php?rest_route=\/wp\/v2\/users\/1"}],"replies":[{"embeddable":true,"href":"https:\/\/archive.sana.sy\/es\/index.php?rest_route=%2Fwp%2Fv2%2Fcomments&post=25522"}],"version-history":[{"count":0,"href":"https:\/\/archive.sana.sy\/es\/index.php?rest_route=\/wp\/v2\/posts\/25522\/revisions"}],"wp:featuredmedia":[{"embeddable":true,"href":"https:\/\/archive.sana.sy\/es\/index.php?rest_route=\/wp\/v2\/media\/25523"}],"wp:attachment":[{"href":"https:\/\/archive.sana.sy\/es\/index.php?rest_route=%2Fwp%2Fv2%2Fmedia&parent=25522"}],"wp:term":[{"taxonomy":"category","embeddable":true,"href":"https:\/\/archive.sana.sy\/es\/index.php?rest_route=%2Fwp%2Fv2%2Fcategories&post=25522"},{"taxonomy":"post_tag","embeddable":true,"href":"https:\/\/archive.sana.sy\/es\/index.php?rest_route=%2Fwp%2Fv2%2Ftags&post=25522"}],"curies":[{"name":"wp","href":"https:\/\/api.w.org\/{rel}","templated":true}]}}