{"id":255228,"date":"2022-10-01T12:40:56","date_gmt":"2022-10-01T09:40:56","guid":{"rendered":"http:\/\/107.6.182.27\/es\/?p=255228"},"modified":"2023-01-10T15:52:22","modified_gmt":"2023-01-10T13:52:22","slug":"ocupante-israeli-arresta-a-siete-palestinos-en-belen-y-hebron","status":"publish","type":"post","link":"https:\/\/archive.sana.sy\/es\/?p=255228","title":{"rendered":"Ocupante israel\u00ed arresta a siete palestinos en Bel\u00e9n y Hebr\u00f3n"},"content":{"rendered":"<p style=\"text-align: justify;\"><span style=\"color: #800000;\"><strong>Jerusal\u00e9n ocupada, 01 oct (SANA)<\/strong> <\/span>Las tropas de ocupaci\u00f3n israel\u00edes arrestaron a siete palestinos en varias localidades de Cisjordania.<\/p>\n<p style=\"text-align: justify;\">La Agencia Palestina Wafa declar\u00f3 que los soldados del ocupante sionista asaltaron el campamento de refugiados de Aida, al norte de Bel\u00e9n, la localidad de Aqba y algunos barrios de la ciudad de Hebr\u00f3n, allanaron las casas de los ciudadanos palestinos y arrestaron a siete de ellos.<\/p>\n<p style=\"text-align: justify;\">Ayer, los militares israel\u00edes arrestaron a nueve palestinos varias \u00e1reas de Cisjordania.<\/p>\n<p style=\"text-align: justify;\">sm<\/p>\n","protected":false},"excerpt":{"rendered":"<p>Jerusal\u00e9n ocupada, 01 oct (SANA) Las tropas de ocupaci\u00f3n israel\u00edes arrestaron a siete palestinos en varias localidades de Cisjordania. La Agencia Palestina Wafa declar\u00f3 que los soldados del ocupante sionista asaltaron el campamento de refugiados de Aida, al norte de Bel\u00e9n, la localidad de Aqba y algunos barrios de la ciudad de Hebr\u00f3n, allanaron las &hellip;<\/p>\n","protected":false},"author":39,"featured_media":255229,"comment_status":"closed","ping_status":"closed","sticky":false,"template":"","format":"standard","meta":{"footnotes":""},"categories":[597,456,20724,7541],"tags":[21095,19761,19704,19958,20248],"class_list":["post-255228","post","type-post","status-publish","format-standard","has-post-thumbnail","","category-cinta-de-noticias","category-arabe-internacional-politica","category-minuto-a-minuto","category-ultimas-noticias","tag-arresta","tag-belen","tag-hebron","tag-ocupante-israeli","tag-palestinos"],"_links":{"self":[{"href":"https:\/\/archive.sana.sy\/es\/index.php?rest_route=\/wp\/v2\/posts\/255228"}],"collection":[{"href":"https:\/\/archive.sana.sy\/es\/index.php?rest_route=\/wp\/v2\/posts"}],"about":[{"href":"https:\/\/archive.sana.sy\/es\/index.php?rest_route=\/wp\/v2\/types\/post"}],"author":[{"embeddable":true,"href":"https:\/\/archive.sana.sy\/es\/index.php?rest_route=\/wp\/v2\/users\/39"}],"replies":[{"embeddable":true,"href":"https:\/\/archive.sana.sy\/es\/index.php?rest_route=%2Fwp%2Fv2%2Fcomments&post=255228"}],"version-history":[{"count":0,"href":"https:\/\/archive.sana.sy\/es\/index.php?rest_route=\/wp\/v2\/posts\/255228\/revisions"}],"wp:featuredmedia":[{"embeddable":true,"href":"https:\/\/archive.sana.sy\/es\/index.php?rest_route=\/wp\/v2\/media\/255229"}],"wp:attachment":[{"href":"https:\/\/archive.sana.sy\/es\/index.php?rest_route=%2Fwp%2Fv2%2Fmedia&parent=255228"}],"wp:term":[{"taxonomy":"category","embeddable":true,"href":"https:\/\/archive.sana.sy\/es\/index.php?rest_route=%2Fwp%2Fv2%2Fcategories&post=255228"},{"taxonomy":"post_tag","embeddable":true,"href":"https:\/\/archive.sana.sy\/es\/index.php?rest_route=%2Fwp%2Fv2%2Ftags&post=255228"}],"curies":[{"name":"wp","href":"https:\/\/api.w.org\/{rel}","templated":true}]}}