{"id":255244,"date":"2022-10-01T15:44:03","date_gmt":"2022-10-01T12:44:03","guid":{"rendered":"http:\/\/107.6.182.27\/es\/?p=255244"},"modified":"2023-01-10T15:23:22","modified_gmt":"2023-01-10T13:23:22","slug":"provincia-siria-recupera-cultivo-de-algodon-y-produce-mas-de-10-000-toneladas-fotos","status":"publish","type":"post","link":"https:\/\/archive.sana.sy\/es\/?p=255244","title":{"rendered":"Provincia siria recupera cultivo de algod\u00f3n y produce m\u00e1s de 10.000 toneladas (+ fotos)"},"content":{"rendered":"<p style=\"text-align: justify;\"><span style=\"color: #800000;\"><strong>Deir Ezzor, 01 oct (SANA)\u00a0 <\/strong><\/span>El director de Agricultura de la provincia oriental siria de Deir Ezzor, Fuad Abdoun, inform\u00f3 a SANA que los agricultores comenzaron a recoger el algod\u00f3n hace unos d\u00edas en todas las regiones de la provincia, y se\u00f1al\u00f3 que el estado general de la cosecha este a\u00f1o es bueno y prometedor.<\/p>\n<p style=\"text-align: justify;\">Explic\u00f3 que el \u00e1rea total sembrada en la provincia asciende a 4950 hect\u00e1reas y las estimaciones de su producci\u00f3n son de casi 10.000 toneladas.<\/p>\n<p style=\"text-align: justify;\">A su vez, el jefe del Sindicato de Agricultores en la referida provincia, Khazan al-Sahw, se\u00f1al\u00f3 que el cultivo de algod\u00f3n es uno de los b\u00e1sicos para los agricultores de la provincia, y su producci\u00f3n este a\u00f1o es buena a pesar de las dif\u00edciles condiciones.<\/p>\n<p style=\"text-align: justify;\">sm\/fm<\/p>\n<div id='gallery-1' class='gallery galleryid-255244 gallery-columns-1 gallery-size-full'><figure class='gallery-item'>\n\t\t\t<div class='gallery-icon landscape'>\n\t\t\t\t<a href='https:\/\/archive.sana.sy\/es\/?attachment_id=255246'><img loading=\"lazy\" decoding=\"async\" width=\"2560\" height=\"1440\" src=\"https:\/\/archive.sana.sy\/es\/wp-content\/uploads\/2022\/10\/photo_2022-09-28_09-54-57-scaled.jpg\" class=\"attachment-full size-full\" alt=\"\" srcset=\"https:\/\/archive.sana.sy\/es\/wp-content\/uploads\/2022\/10\/photo_2022-09-28_09-54-57-scaled.jpg 2560w, https:\/\/archive.sana.sy\/es\/wp-content\/uploads\/2022\/10\/photo_2022-09-28_09-54-57-300x169.jpg 300w, https:\/\/archive.sana.sy\/es\/wp-content\/uploads\/2022\/10\/photo_2022-09-28_09-54-57-1024x576.jpg 1024w, https:\/\/archive.sana.sy\/es\/wp-content\/uploads\/2022\/10\/photo_2022-09-28_09-54-57-150x84.jpg 150w, https:\/\/archive.sana.sy\/es\/wp-content\/uploads\/2022\/10\/photo_2022-09-28_09-54-57-768x432.jpg 768w, https:\/\/archive.sana.sy\/es\/wp-content\/uploads\/2022\/10\/photo_2022-09-28_09-54-57-1536x864.jpg 1536w, https:\/\/archive.sana.sy\/es\/wp-content\/uploads\/2022\/10\/photo_2022-09-28_09-54-57-2048x1152.jpg 2048w\" sizes=\"(max-width: 2560px) 100vw, 2560px\" \/><\/a>\n\t\t\t<\/div><\/figure><figure class='gallery-item'>\n\t\t\t<div class='gallery-icon landscape'>\n\t\t\t\t<a href='https:\/\/archive.sana.sy\/es\/?attachment_id=255247'><img loading=\"lazy\" decoding=\"async\" width=\"2560\" height=\"1440\" src=\"https:\/\/archive.sana.sy\/es\/wp-content\/uploads\/2022\/10\/photo_2022-09-28_09-54-58-scaled.jpg\" class=\"attachment-full size-full\" alt=\"\" srcset=\"https:\/\/archive.sana.sy\/es\/wp-content\/uploads\/2022\/10\/photo_2022-09-28_09-54-58-scaled.jpg 2560w, https:\/\/archive.sana.sy\/es\/wp-content\/uploads\/2022\/10\/photo_2022-09-28_09-54-58-300x169.jpg 300w, https:\/\/archive.sana.sy\/es\/wp-content\/uploads\/2022\/10\/photo_2022-09-28_09-54-58-1024x576.jpg 1024w, https:\/\/archive.sana.sy\/es\/wp-content\/uploads\/2022\/10\/photo_2022-09-28_09-54-58-150x84.jpg 150w, https:\/\/archive.sana.sy\/es\/wp-content\/uploads\/2022\/10\/photo_2022-09-28_09-54-58-768x432.jpg 768w, https:\/\/archive.sana.sy\/es\/wp-content\/uploads\/2022\/10\/photo_2022-09-28_09-54-58-1536x864.jpg 1536w, https:\/\/archive.sana.sy\/es\/wp-content\/uploads\/2022\/10\/photo_2022-09-28_09-54-58-2048x1152.jpg 2048w\" sizes=\"(max-width: 2560px) 100vw, 2560px\" \/><\/a>\n\t\t\t<\/div><\/figure><figure class='gallery-item'>\n\t\t\t<div class='gallery-icon landscape'>\n\t\t\t\t<a href='https:\/\/archive.sana.sy\/es\/?attachment_id=255248'><img loading=\"lazy\" decoding=\"async\" width=\"2560\" height=\"1440\" src=\"https:\/\/archive.sana.sy\/es\/wp-content\/uploads\/2022\/10\/photo_2022-09-28_09-55-02-scaled.jpg\" class=\"attachment-full size-full\" alt=\"\" srcset=\"https:\/\/archive.sana.sy\/es\/wp-content\/uploads\/2022\/10\/photo_2022-09-28_09-55-02-scaled.jpg 2560w, https:\/\/archive.sana.sy\/es\/wp-content\/uploads\/2022\/10\/photo_2022-09-28_09-55-02-300x169.jpg 300w, https:\/\/archive.sana.sy\/es\/wp-content\/uploads\/2022\/10\/photo_2022-09-28_09-55-02-1024x576.jpg 1024w, https:\/\/archive.sana.sy\/es\/wp-content\/uploads\/2022\/10\/photo_2022-09-28_09-55-02-150x84.jpg 150w, https:\/\/archive.sana.sy\/es\/wp-content\/uploads\/2022\/10\/photo_2022-09-28_09-55-02-768x432.jpg 768w, https:\/\/archive.sana.sy\/es\/wp-content\/uploads\/2022\/10\/photo_2022-09-28_09-55-02-1536x864.jpg 1536w, https:\/\/archive.sana.sy\/es\/wp-content\/uploads\/2022\/10\/photo_2022-09-28_09-55-02-2048x1152.jpg 2048w\" sizes=\"(max-width: 2560px) 100vw, 2560px\" \/><\/a>\n\t\t\t<\/div><\/figure><figure class='gallery-item'>\n\t\t\t<div class='gallery-icon landscape'>\n\t\t\t\t<a href='https:\/\/archive.sana.sy\/es\/?attachment_id=255249'><img loading=\"lazy\" decoding=\"async\" width=\"2560\" height=\"1470\" src=\"https:\/\/archive.sana.sy\/es\/wp-content\/uploads\/2022\/10\/photo_2022-09-28_09-55-05-scaled.jpg\" class=\"attachment-full size-full\" alt=\"\" srcset=\"https:\/\/archive.sana.sy\/es\/wp-content\/uploads\/2022\/10\/photo_2022-09-28_09-55-05-scaled.jpg 2560w, https:\/\/archive.sana.sy\/es\/wp-content\/uploads\/2022\/10\/photo_2022-09-28_09-55-05-300x172.jpg 300w, https:\/\/archive.sana.sy\/es\/wp-content\/uploads\/2022\/10\/photo_2022-09-28_09-55-05-1024x588.jpg 1024w, https:\/\/archive.sana.sy\/es\/wp-content\/uploads\/2022\/10\/photo_2022-09-28_09-55-05-150x86.jpg 150w, https:\/\/archive.sana.sy\/es\/wp-content\/uploads\/2022\/10\/photo_2022-09-28_09-55-05-768x441.jpg 768w, https:\/\/archive.sana.sy\/es\/wp-content\/uploads\/2022\/10\/photo_2022-09-28_09-55-05-1536x882.jpg 1536w, https:\/\/archive.sana.sy\/es\/wp-content\/uploads\/2022\/10\/photo_2022-09-28_09-55-05-2048x1176.jpg 2048w\" sizes=\"(max-width: 2560px) 100vw, 2560px\" \/><\/a>\n\t\t\t<\/div><\/figure>\n\t\t<\/div>\n\n","protected":false},"excerpt":{"rendered":"<p>Deir Ezzor, 01 oct (SANA)\u00a0 El director de Agricultura de la provincia oriental siria de Deir Ezzor, Fuad Abdoun, inform\u00f3 a SANA que los agricultores comenzaron a recoger el algod\u00f3n hace unos d\u00edas en todas las regiones de la provincia, y se\u00f1al\u00f3 que el estado general de la cosecha este a\u00f1o es bueno y prometedor. &hellip;<\/p>\n","protected":false},"author":39,"featured_media":255245,"comment_status":"closed","ping_status":"closed","sticky":false,"template":"","format":"standard","meta":{"footnotes":""},"categories":[597,485,476,16688,7541],"tags":[19610,10402],"class_list":["post-255244","post","type-post","status-publish","format-standard","has-post-thumbnail","","category-cinta-de-noticias","category-informes-negocios-y-finanzas","category-locales","category-nacionales","category-ultimas-noticias","tag-algodon","tag-deir-ezzor"],"_links":{"self":[{"href":"https:\/\/archive.sana.sy\/es\/index.php?rest_route=\/wp\/v2\/posts\/255244"}],"collection":[{"href":"https:\/\/archive.sana.sy\/es\/index.php?rest_route=\/wp\/v2\/posts"}],"about":[{"href":"https:\/\/archive.sana.sy\/es\/index.php?rest_route=\/wp\/v2\/types\/post"}],"author":[{"embeddable":true,"href":"https:\/\/archive.sana.sy\/es\/index.php?rest_route=\/wp\/v2\/users\/39"}],"replies":[{"embeddable":true,"href":"https:\/\/archive.sana.sy\/es\/index.php?rest_route=%2Fwp%2Fv2%2Fcomments&post=255244"}],"version-history":[{"count":0,"href":"https:\/\/archive.sana.sy\/es\/index.php?rest_route=\/wp\/v2\/posts\/255244\/revisions"}],"wp:featuredmedia":[{"embeddable":true,"href":"https:\/\/archive.sana.sy\/es\/index.php?rest_route=\/wp\/v2\/media\/255245"}],"wp:attachment":[{"href":"https:\/\/archive.sana.sy\/es\/index.php?rest_route=%2Fwp%2Fv2%2Fmedia&parent=255244"}],"wp:term":[{"taxonomy":"category","embeddable":true,"href":"https:\/\/archive.sana.sy\/es\/index.php?rest_route=%2Fwp%2Fv2%2Fcategories&post=255244"},{"taxonomy":"post_tag","embeddable":true,"href":"https:\/\/archive.sana.sy\/es\/index.php?rest_route=%2Fwp%2Fv2%2Ftags&post=255244"}],"curies":[{"name":"wp","href":"https:\/\/api.w.org\/{rel}","templated":true}]}}