{"id":255301,"date":"2022-10-02T05:34:08","date_gmt":"2022-10-02T02:34:08","guid":{"rendered":"http:\/\/107.6.182.27\/es\/?p=255301"},"modified":"2022-10-02T05:34:50","modified_gmt":"2022-10-02T02:34:50","slug":"sham-bakour-campeona-de-siria-en-lectura-participa-en-el-concurso-de-lectura-a-nivel-arabe","status":"publish","type":"post","link":"https:\/\/archive.sana.sy\/es\/?p=255301","title":{"rendered":"Sham Bakour, campeona de Siria en lectura, participa en el Concurso de Lectura a nivel \u00e1rabe"},"content":{"rendered":"<p style=\"text-align: justify;\"><span style=\"color: #800000;\"><strong>Damasco, 02 oct (SANA)<\/strong><\/span> La ni\u00f1a Sham Bakkour de la provincia de Alepo, particip\u00f3 en las clasificaciones de la 6\u00aa edici\u00f3n\u00a0 del Concurso de Lectura \u00c1rabe celebradas a distancia por Emiratos \u00c1rabes Unidos con la participaci\u00f3n de 44 pa\u00edses.<\/p>\n<p style=\"text-align: justify;\">Bakkour, de 7 a\u00f1os, fue nombrada campeona de esta competencia a nivel nacional tras superar a los 61 mil estudiantes de todas las gobernaciones sirias, seg\u00fan comunic\u00f3\u00a0 el coordinador de este evento en Siria, Ali Al-Abbas.<\/p>\n<blockquote>\n<p style=\"text-align: justify;\"><span style=\"color: #000000;\">\u00a0\u201cLas pruebas se realizaron a distancia a trav\u00e9s de un jurado en los Emiratos \u00c1rabes Unidos, para determinar el campe\u00f3n del desaf\u00edo a nivel del mundo \u00e1rabe, y los resultados ser\u00e1n anunciados el d\u00eda 10 de noviembre pr\u00f3ximo\u201d<\/span>, detall\u00f3.<\/p>\n<\/blockquote>\n<p style=\"text-align: justify;\">Por su parte, Bakkour expres\u00f3 su esperanza de obtener el t\u00edtulo del concurso a nivel \u00e1rabe, y explic\u00f3 que su inter\u00e9s en la lectura y del habla \u00e1rabe cl\u00e1sico mejor\u00f3 sus oportunidades de calificaci\u00f3n en este desaf\u00edo.<\/p>\n<p style=\"text-align: justify;\">21 millones de estudiantes de 96 mil escuelas de 52 pa\u00edses participaron en la quinta edici\u00f3n del Concurso de Lectura \u00c1rabe.<\/p>\n<p style=\"text-align: justify;\">rr\/fm<\/p>\n","protected":false},"excerpt":{"rendered":"<p>Damasco, 02 oct (SANA) La ni\u00f1a Sham Bakkour de la provincia de Alepo, particip\u00f3 en las clasificaciones de la 6\u00aa edici\u00f3n\u00a0 del Concurso de Lectura \u00c1rabe celebradas a distancia por Emiratos \u00c1rabes Unidos con la participaci\u00f3n de 44 pa\u00edses. Bakkour, de 7 a\u00f1os, fue nombrada campeona de esta competencia a nivel nacional tras superar a &hellip;<\/p>\n","protected":false},"author":34,"featured_media":255302,"comment_status":"closed","ping_status":"closed","sticky":false,"template":"","format":"standard","meta":{"footnotes":""},"categories":[447,597,19549,20724,476,457,467,7541],"tags":[],"class_list":["post-255301","post","type-post","status-publish","format-standard","has-post-thumbnail","","category-local-politica","category-cinta-de-noticias","category-ellas","category-minuto-a-minuto","category-locales","category-noticias-arabe-internacional-politica","category-siria-y-el-mundo","category-ultimas-noticias"],"_links":{"self":[{"href":"https:\/\/archive.sana.sy\/es\/index.php?rest_route=\/wp\/v2\/posts\/255301"}],"collection":[{"href":"https:\/\/archive.sana.sy\/es\/index.php?rest_route=\/wp\/v2\/posts"}],"about":[{"href":"https:\/\/archive.sana.sy\/es\/index.php?rest_route=\/wp\/v2\/types\/post"}],"author":[{"embeddable":true,"href":"https:\/\/archive.sana.sy\/es\/index.php?rest_route=\/wp\/v2\/users\/34"}],"replies":[{"embeddable":true,"href":"https:\/\/archive.sana.sy\/es\/index.php?rest_route=%2Fwp%2Fv2%2Fcomments&post=255301"}],"version-history":[{"count":0,"href":"https:\/\/archive.sana.sy\/es\/index.php?rest_route=\/wp\/v2\/posts\/255301\/revisions"}],"wp:featuredmedia":[{"embeddable":true,"href":"https:\/\/archive.sana.sy\/es\/index.php?rest_route=\/wp\/v2\/media\/255302"}],"wp:attachment":[{"href":"https:\/\/archive.sana.sy\/es\/index.php?rest_route=%2Fwp%2Fv2%2Fmedia&parent=255301"}],"wp:term":[{"taxonomy":"category","embeddable":true,"href":"https:\/\/archive.sana.sy\/es\/index.php?rest_route=%2Fwp%2Fv2%2Fcategories&post=255301"},{"taxonomy":"post_tag","embeddable":true,"href":"https:\/\/archive.sana.sy\/es\/index.php?rest_route=%2Fwp%2Fv2%2Ftags&post=255301"}],"curies":[{"name":"wp","href":"https:\/\/api.w.org\/{rel}","templated":true}]}}