{"id":255305,"date":"2022-10-02T05:45:12","date_gmt":"2022-10-02T02:45:12","guid":{"rendered":"http:\/\/107.6.182.27\/es\/?p=255305"},"modified":"2023-01-10T15:52:21","modified_gmt":"2023-01-10T13:52:21","slug":"biden-debe-someterse-a-una-prueba-cognitiva-tras-hablar-con-una-congresista-fallecida","status":"publish","type":"post","link":"https:\/\/archive.sana.sy\/es\/?p=255305","title":{"rendered":"&#8220;Biden debe someterse a una prueba cognitiva tras hablar con una congresista fallecida&#8221;"},"content":{"rendered":"<p style=\"text-align: justify;\"><span style=\"color: #800000;\"><strong>Washington, 2 oct (SANA)<\/strong> <\/span>Varios legisladores republicanos expresaron su preocupaci\u00f3n sobre el estado mental del presidente estadounidense, Joe Biden, despu\u00e9s de que esta semana se dirigiera durante una conferencia en la Casa Blanca a la congresista Jackie Walorski, que falleci\u00f3 en agosto en un accidente de tr\u00e1fico, preguntando si estaba presente en el foro.<\/p>\n<p style=\"text-align: justify;\">Seg\u00fan difundi\u00f3 RT, el senador de Texas Ted Cruz declar\u00f3 a Fox News Digital que &#8220;la capacidad disminuida de Joe Biden es descaradamente obvia&#8221; y que fallos como el cometido son se\u00f1ales de que &#8220;las cosas est\u00e1n mal&#8221;.<\/p>\n<p style=\"text-align: justify;\">Mientras, el congresista republicano Ronny Jackson, que se desempe\u00f1aba como m\u00e9dico de los anteriores mandatarios estadounidenses, Barack Obama y Donald Trump, volvi\u00f3 a solicitar por cuarta vez que el presidente del pa\u00eds se someta a &#8220;una prueba cognitiva&#8221;.<\/p>\n<p style=\"text-align: justify;\">&#8220;No hace falta ser neur\u00f3logo para darse cuenta de que tiene un grave deterioro cognitivo. El pueblo estadounidense sabe lo que est\u00e1 pasando aqu\u00ed y no cree que el comandante en jefe sea capaz de hacer su trabajo&#8221;, continu\u00f3 Jackson.<\/p>\n<p style=\"text-align: justify;\">fm<\/p>\n","protected":false},"excerpt":{"rendered":"<p>Washington, 2 oct (SANA) Varios legisladores republicanos expresaron su preocupaci\u00f3n sobre el estado mental del presidente estadounidense, Joe Biden, despu\u00e9s de que esta semana se dirigiera durante una conferencia en la Casa Blanca a la congresista Jackie Walorski, que falleci\u00f3 en agosto en un accidente de tr\u00e1fico, preguntando si estaba presente en el foro. Seg\u00fan &hellip;<\/p>\n","protected":false},"author":34,"featured_media":255306,"comment_status":"closed","ping_status":"closed","sticky":false,"template":"","format":"standard","meta":{"footnotes":""},"categories":[597,456,20724,7541],"tags":[],"class_list":["post-255305","post","type-post","status-publish","format-standard","has-post-thumbnail","","category-cinta-de-noticias","category-arabe-internacional-politica","category-minuto-a-minuto","category-ultimas-noticias"],"_links":{"self":[{"href":"https:\/\/archive.sana.sy\/es\/index.php?rest_route=\/wp\/v2\/posts\/255305"}],"collection":[{"href":"https:\/\/archive.sana.sy\/es\/index.php?rest_route=\/wp\/v2\/posts"}],"about":[{"href":"https:\/\/archive.sana.sy\/es\/index.php?rest_route=\/wp\/v2\/types\/post"}],"author":[{"embeddable":true,"href":"https:\/\/archive.sana.sy\/es\/index.php?rest_route=\/wp\/v2\/users\/34"}],"replies":[{"embeddable":true,"href":"https:\/\/archive.sana.sy\/es\/index.php?rest_route=%2Fwp%2Fv2%2Fcomments&post=255305"}],"version-history":[{"count":0,"href":"https:\/\/archive.sana.sy\/es\/index.php?rest_route=\/wp\/v2\/posts\/255305\/revisions"}],"wp:featuredmedia":[{"embeddable":true,"href":"https:\/\/archive.sana.sy\/es\/index.php?rest_route=\/wp\/v2\/media\/255306"}],"wp:attachment":[{"href":"https:\/\/archive.sana.sy\/es\/index.php?rest_route=%2Fwp%2Fv2%2Fmedia&parent=255305"}],"wp:term":[{"taxonomy":"category","embeddable":true,"href":"https:\/\/archive.sana.sy\/es\/index.php?rest_route=%2Fwp%2Fv2%2Fcategories&post=255305"},{"taxonomy":"post_tag","embeddable":true,"href":"https:\/\/archive.sana.sy\/es\/index.php?rest_route=%2Fwp%2Fv2%2Ftags&post=255305"}],"curies":[{"name":"wp","href":"https:\/\/api.w.org\/{rel}","templated":true}]}}