{"id":255314,"date":"2022-10-02T09:19:47","date_gmt":"2022-10-02T06:19:47","guid":{"rendered":"http:\/\/107.6.182.27\/es\/?p=255314"},"modified":"2023-01-10T15:52:20","modified_gmt":"2023-01-10T13:52:20","slug":"nicaragua-expulsa-a-la-embajadora-de-la-ue-por-sanciones-europeas","status":"publish","type":"post","link":"https:\/\/archive.sana.sy\/es\/?p=255314","title":{"rendered":"Nicaragua expulsa a la embajadora de la UE por sanciones europeas"},"content":{"rendered":"<p style=\"text-align: justify;\"><strong><span style=\"color: #800000;\">Managua, 2 oct (SANA)\u00a0<\/span> <\/strong>La embajadora de la Uni\u00f3n Europea en Nicaragua, Bettina Muscheidt, abandon\u00f3 la capital Managua despu\u00e9s de la decisi\u00f3n de su expulsi\u00f3n por el gobierno de este pa\u00eds centroamericano.<\/p>\n<p style=\"text-align: justify;\">Seg\u00fan inform\u00f3 AFP, Muscheidt sali\u00f3 del pa\u00eds en un avi\u00f3n con destino a M\u00e9xico de tr\u00e1nsito hacia Par\u00eds, donde la polic\u00eda la escolt\u00f3 desde su casa hasta el aeropuerto.<\/p>\n<p style=\"text-align: justify;\">Muscheidt fue informada por esta decisi\u00f3n por el canciller nicarag\u00fcense Denis Moncada quien rechaz\u00f3 la injerencia de la Uni\u00f3n Europea en los asuntos internos de su pa\u00eds.<\/p>\n<p style=\"text-align: justify;\">Nicaragua hab\u00eda roto relaciones diplom\u00e1ticas con los Pa\u00edses Bajos e impedido el ingreso del nuevo embajador de Estados Unidos, Hugo Rodr\u00edguez, debido a las reiteradas intervenciones y posiciones coloniales de Washington y \u00c1msterdam.<\/p>\n<p style=\"text-align: justify;\"><em><strong>ws\/fm<\/strong><\/em><\/p>\n","protected":false},"excerpt":{"rendered":"<p>Managua, 2 oct (SANA)\u00a0 La embajadora de la Uni\u00f3n Europea en Nicaragua, Bettina Muscheidt, abandon\u00f3 la capital Managua despu\u00e9s de la decisi\u00f3n de su expulsi\u00f3n por el gobierno de este pa\u00eds centroamericano. Seg\u00fan inform\u00f3 AFP, Muscheidt sali\u00f3 del pa\u00eds en un avi\u00f3n con destino a M\u00e9xico de tr\u00e1nsito hacia Par\u00eds, donde la polic\u00eda la escolt\u00f3 &hellip;<\/p>\n","protected":false},"author":35,"featured_media":255315,"comment_status":"closed","ping_status":"closed","sticky":false,"template":"","format":"standard","meta":{"footnotes":""},"categories":[597,456,20724,457,7541],"tags":[],"class_list":["post-255314","post","type-post","status-publish","format-standard","has-post-thumbnail","","category-cinta-de-noticias","category-arabe-internacional-politica","category-minuto-a-minuto","category-noticias-arabe-internacional-politica","category-ultimas-noticias"],"_links":{"self":[{"href":"https:\/\/archive.sana.sy\/es\/index.php?rest_route=\/wp\/v2\/posts\/255314"}],"collection":[{"href":"https:\/\/archive.sana.sy\/es\/index.php?rest_route=\/wp\/v2\/posts"}],"about":[{"href":"https:\/\/archive.sana.sy\/es\/index.php?rest_route=\/wp\/v2\/types\/post"}],"author":[{"embeddable":true,"href":"https:\/\/archive.sana.sy\/es\/index.php?rest_route=\/wp\/v2\/users\/35"}],"replies":[{"embeddable":true,"href":"https:\/\/archive.sana.sy\/es\/index.php?rest_route=%2Fwp%2Fv2%2Fcomments&post=255314"}],"version-history":[{"count":0,"href":"https:\/\/archive.sana.sy\/es\/index.php?rest_route=\/wp\/v2\/posts\/255314\/revisions"}],"wp:featuredmedia":[{"embeddable":true,"href":"https:\/\/archive.sana.sy\/es\/index.php?rest_route=\/wp\/v2\/media\/255315"}],"wp:attachment":[{"href":"https:\/\/archive.sana.sy\/es\/index.php?rest_route=%2Fwp%2Fv2%2Fmedia&parent=255314"}],"wp:term":[{"taxonomy":"category","embeddable":true,"href":"https:\/\/archive.sana.sy\/es\/index.php?rest_route=%2Fwp%2Fv2%2Fcategories&post=255314"},{"taxonomy":"post_tag","embeddable":true,"href":"https:\/\/archive.sana.sy\/es\/index.php?rest_route=%2Fwp%2Fv2%2Ftags&post=255314"}],"curies":[{"name":"wp","href":"https:\/\/api.w.org\/{rel}","templated":true}]}}