{"id":255340,"date":"2022-10-02T11:11:08","date_gmt":"2022-10-02T08:11:08","guid":{"rendered":"http:\/\/107.6.182.27\/es\/?p=255340"},"modified":"2023-01-10T15:52:20","modified_gmt":"2023-01-10T13:52:20","slug":"mas-de-14-000-personas-de-donbas-llegaron-a-rusia-en-las-ultimas-24-horas","status":"publish","type":"post","link":"https:\/\/archive.sana.sy\/es\/?p=255340","title":{"rendered":"M\u00e1s de 14.000 personas de Donb\u00e1s llegaron a Rusia, en las \u00faltimas 24 horas"},"content":{"rendered":"<p style=\"text-align: justify;\"><span style=\"color: #800000;\"><strong>Mosc\u00fa, 2 oct (SANA)\u00a0<\/strong><\/span> El Servicio Federal de Seguridad de Rusia anunci\u00f3 hoy que m\u00e1s de 14.000 personas de las Rep\u00fablicas Populares de Lugansk y Donetsk llegaron a Rusia durante las \u00faltimas 24 horas.<\/p>\n<p>&#8220;M\u00e1s de 14.500 personas cruzaron la frontera hacia Rusia a trav\u00e9s de puestos de control en la regi\u00f3n de Rostov&#8221;, inform\u00f3 la agencia de noticias TASS.<\/p>\n<p>Se hab\u00eda iniciado una evacuaci\u00f3n a gran escala de la poblaci\u00f3n civil de las zonas antes mencionadas.<\/p>\n<p style=\"text-align: justify;\"><strong>fm\/ws<\/strong><\/p>\n","protected":false},"excerpt":{"rendered":"<p>Mosc\u00fa, 2 oct (SANA)\u00a0 El Servicio Federal de Seguridad de Rusia anunci\u00f3 hoy que m\u00e1s de 14.000 personas de las Rep\u00fablicas Populares de Lugansk y Donetsk llegaron a Rusia durante las \u00faltimas 24 horas. &#8220;M\u00e1s de 14.500 personas cruzaron la frontera hacia Rusia a trav\u00e9s de puestos de control en la regi\u00f3n de Rostov&#8221;, inform\u00f3 &hellip;<\/p>\n","protected":false},"author":35,"featured_media":255341,"comment_status":"closed","ping_status":"closed","sticky":false,"template":"","format":"standard","meta":{"footnotes":""},"categories":[597,456,20724,457,7541],"tags":[],"class_list":["post-255340","post","type-post","status-publish","format-standard","has-post-thumbnail","","category-cinta-de-noticias","category-arabe-internacional-politica","category-minuto-a-minuto","category-noticias-arabe-internacional-politica","category-ultimas-noticias"],"_links":{"self":[{"href":"https:\/\/archive.sana.sy\/es\/index.php?rest_route=\/wp\/v2\/posts\/255340"}],"collection":[{"href":"https:\/\/archive.sana.sy\/es\/index.php?rest_route=\/wp\/v2\/posts"}],"about":[{"href":"https:\/\/archive.sana.sy\/es\/index.php?rest_route=\/wp\/v2\/types\/post"}],"author":[{"embeddable":true,"href":"https:\/\/archive.sana.sy\/es\/index.php?rest_route=\/wp\/v2\/users\/35"}],"replies":[{"embeddable":true,"href":"https:\/\/archive.sana.sy\/es\/index.php?rest_route=%2Fwp%2Fv2%2Fcomments&post=255340"}],"version-history":[{"count":0,"href":"https:\/\/archive.sana.sy\/es\/index.php?rest_route=\/wp\/v2\/posts\/255340\/revisions"}],"wp:featuredmedia":[{"embeddable":true,"href":"https:\/\/archive.sana.sy\/es\/index.php?rest_route=\/wp\/v2\/media\/255341"}],"wp:attachment":[{"href":"https:\/\/archive.sana.sy\/es\/index.php?rest_route=%2Fwp%2Fv2%2Fmedia&parent=255340"}],"wp:term":[{"taxonomy":"category","embeddable":true,"href":"https:\/\/archive.sana.sy\/es\/index.php?rest_route=%2Fwp%2Fv2%2Fcategories&post=255340"},{"taxonomy":"post_tag","embeddable":true,"href":"https:\/\/archive.sana.sy\/es\/index.php?rest_route=%2Fwp%2Fv2%2Ftags&post=255340"}],"curies":[{"name":"wp","href":"https:\/\/api.w.org\/{rel}","templated":true}]}}