{"id":255351,"date":"2022-10-02T13:02:53","date_gmt":"2022-10-02T10:02:53","guid":{"rendered":"http:\/\/107.6.182.27\/es\/?p=255351"},"modified":"2022-10-02T13:04:10","modified_gmt":"2022-10-02T10:04:10","slug":"jinete-sirio-gana-el-titulo-del-gran-premio-del-campeonato-internacional-de-salto-ecuestre","status":"publish","type":"post","link":"https:\/\/archive.sana.sy\/es\/?p=255351","title":{"rendered":"Jinete sirio gana el t\u00edtulo del Gran Premio del Campeonato Internacional de Salto Ecuestre"},"content":{"rendered":"<p style=\"text-align: justify;\"><span style=\"color: #800000;\"><strong>Amman, 02 oc (SANA)\u00a0<\/strong><\/span> \u00a0El jinete sirio Rami Shaheen, gan\u00f3 el Gran Premio del Campeonato Internacional de Salto Ecuestre que se celebr\u00f3 en Jordania, durante dos d\u00edas.<\/p>\n<p style=\"text-align: justify;\"><img loading=\"lazy\" decoding=\"async\" class=\"size-full wp-image-255354 alignleft\" src=\"http:\/\/107.6.182.27\/es\/wp-content\/uploads\/2022\/10\/mohanad11-300x225-1.jpg\" alt=\"\" width=\"300\" height=\"225\" srcset=\"https:\/\/archive.sana.sy\/es\/wp-content\/uploads\/2022\/10\/mohanad11-300x225-1.jpg 300w, https:\/\/archive.sana.sy\/es\/wp-content\/uploads\/2022\/10\/mohanad11-300x225-1-150x113.jpg 150w\" sizes=\"(max-width: 300px) 100vw, 300px\" \/>Shaheen conquist\u00f3 el t\u00edtulo tras una fuerte competencia y obtuvo el 1er lugar en la categor\u00eda \u201cBig Tour\u201d.<\/p>\n<p style=\"text-align: justify;\">Asimismo, ocup\u00f3 el segundo lugar en las competencias de la categor\u00eda &#8220;Medium Tour&#8221;.<\/p>\n<p style=\"text-align: justify;\">ed\/fm<\/p>\n","protected":false},"excerpt":{"rendered":"<p>Amman, 02 oc (SANA)\u00a0 \u00a0El jinete sirio Rami Shaheen, gan\u00f3 el Gran Premio del Campeonato Internacional de Salto Ecuestre que se celebr\u00f3 en Jordania, durante dos d\u00edas. Shaheen conquist\u00f3 el t\u00edtulo tras una fuerte competencia y obtuvo el 1er lugar en la categor\u00eda \u201cBig Tour\u201d. Asimismo, ocup\u00f3 el segundo lugar en las competencias de la &hellip;<\/p>\n","protected":false},"author":32,"featured_media":255352,"comment_status":"closed","ping_status":"closed","sticky":false,"template":"","format":"standard","meta":{"footnotes":""},"categories":[597,494,20724,7541],"tags":[19783,21104],"class_list":["post-255351","post","type-post","status-publish","format-standard","has-post-thumbnail","","category-cinta-de-noticias","category-deportes","category-minuto-a-minuto","category-ultimas-noticias","tag-amman","tag-campeonato-internacional"],"_links":{"self":[{"href":"https:\/\/archive.sana.sy\/es\/index.php?rest_route=\/wp\/v2\/posts\/255351"}],"collection":[{"href":"https:\/\/archive.sana.sy\/es\/index.php?rest_route=\/wp\/v2\/posts"}],"about":[{"href":"https:\/\/archive.sana.sy\/es\/index.php?rest_route=\/wp\/v2\/types\/post"}],"author":[{"embeddable":true,"href":"https:\/\/archive.sana.sy\/es\/index.php?rest_route=\/wp\/v2\/users\/32"}],"replies":[{"embeddable":true,"href":"https:\/\/archive.sana.sy\/es\/index.php?rest_route=%2Fwp%2Fv2%2Fcomments&post=255351"}],"version-history":[{"count":0,"href":"https:\/\/archive.sana.sy\/es\/index.php?rest_route=\/wp\/v2\/posts\/255351\/revisions"}],"wp:featuredmedia":[{"embeddable":true,"href":"https:\/\/archive.sana.sy\/es\/index.php?rest_route=\/wp\/v2\/media\/255352"}],"wp:attachment":[{"href":"https:\/\/archive.sana.sy\/es\/index.php?rest_route=%2Fwp%2Fv2%2Fmedia&parent=255351"}],"wp:term":[{"taxonomy":"category","embeddable":true,"href":"https:\/\/archive.sana.sy\/es\/index.php?rest_route=%2Fwp%2Fv2%2Fcategories&post=255351"},{"taxonomy":"post_tag","embeddable":true,"href":"https:\/\/archive.sana.sy\/es\/index.php?rest_route=%2Fwp%2Fv2%2Ftags&post=255351"}],"curies":[{"name":"wp","href":"https:\/\/api.w.org\/{rel}","templated":true}]}}