{"id":255376,"date":"2022-10-02T15:43:55","date_gmt":"2022-10-02T12:43:55","guid":{"rendered":"http:\/\/107.6.182.27\/es\/?p=255376"},"modified":"2022-10-02T15:43:55","modified_gmt":"2022-10-02T12:43:55","slug":"al-mekdad-recibe-al-vicecanciller-indio-y-ambos-ratifican-las-profundas-relaciones-bilaterales","status":"publish","type":"post","link":"https:\/\/archive.sana.sy\/es\/?p=255376","title":{"rendered":"Al-Mekdad recibe al vicecanciller indio, y ambos ratifican las profundas relaciones bilaterales"},"content":{"rendered":"<p style=\"text-align: justify;\"><span style=\"color: #800000;\"><strong>Damasco, 2 oct (SANA)<\/strong> <\/span>El Ministro de Asuntos Exteriores y Expatriados, Faisal al-Mekdad, recibi\u00f3 al viceministro de Relaciones Exteriores de la India, Osaf Sayed y la delegaci\u00f3n acompa\u00f1ante, con quien repas\u00f3 las relaciones bilaterales y las v\u00edas de fortalecerlas en varios campos.<\/p>\n<p style=\"text-align: justify;\">Al-Mekdad subray\u00f3 la importancia de la visita del funcionario indio que coincide con el lanzamiento de la segunda jornada de instalaci\u00f3n de pr\u00f3tesis a las personas mutiladas por la guerra.<\/p>\n<p style=\"text-align: justify;\">\u201cEste gesto refleja de la profundidad de las relaciones humanas entre los dos pueblos amigos, y el apoyo que ofrece la India a Siria en este sector y otros\u201d, dijo el Canciller.<\/p>\n<p style=\"text-align: justify;\">Expres\u00f3 la gratitud del pueblo sirio al gobierno y pueblo indios por sus posturas de apoyo a Siria en su lucha contra el terrorismo.<\/p>\n<p style=\"text-align: justify;\">Asimismo, explic\u00f3 las dificultades econ\u00f3micas que enfrenta Siria como resultado del terrorismo y las medidas econ\u00f3micas coercitivas unilaterales impuestas al pueblo sirio, y elogi\u00f3 la posici\u00f3n de rechazo de la India a estas medidas ilegales.<\/p>\n<p style=\"text-align: justify;\">El jefe de la diplomacia siria denunci\u00f3 la presencia ilegal de las fuerzas de ocupaci\u00f3n de Estados Unidos y su saqueo de las riquezas sirias, y el apoyo que brinda el ocupante a los grupos terroristas.<\/p>\n<p style=\"text-align: justify;\">Por su parte, el vicecanciller indio habl\u00f3 de los diversos aspectos de cooperaci\u00f3n bilateral entre ambos pa\u00edses en los campos econ\u00f3mico, t\u00e9cnico, educativo, comercial y pol\u00edtico.<\/p>\n<p style=\"text-align: justify;\">Reiter\u00f3 la postura de apoyo de su pa\u00eds a Siria, y destac\u00f3 la necesidad de profundizar las relaciones hasta llegar al nivel aspirado por los dos pueblos amigos.<\/p>\n<p style=\"text-align: justify;\">fm\/ ed<\/p>\n","protected":false},"excerpt":{"rendered":"<p>Damasco, 2 oct (SANA) El Ministro de Asuntos Exteriores y Expatriados, Faisal al-Mekdad, recibi\u00f3 al viceministro de Relaciones Exteriores de la India, Osaf Sayed y la delegaci\u00f3n acompa\u00f1ante, con quien repas\u00f3 las relaciones bilaterales y las v\u00edas de fortalecerlas en varios campos. Al-Mekdad subray\u00f3 la importancia de la visita del funcionario indio que coincide con &hellip;<\/p>\n","protected":false},"author":32,"featured_media":255377,"comment_status":"closed","ping_status":"closed","sticky":false,"template":"","format":"standard","meta":{"footnotes":""},"categories":[597,467,583],"tags":[21106,20528,21107,6553],"class_list":["post-255376","post","type-post","status-publish","format-standard","has-post-thumbnail","","category-cinta-de-noticias","category-siria-y-el-mundo","category-slide","tag-al-mekdad","tag-la-india","tag-osaf-sayed","tag-siria"],"_links":{"self":[{"href":"https:\/\/archive.sana.sy\/es\/index.php?rest_route=\/wp\/v2\/posts\/255376"}],"collection":[{"href":"https:\/\/archive.sana.sy\/es\/index.php?rest_route=\/wp\/v2\/posts"}],"about":[{"href":"https:\/\/archive.sana.sy\/es\/index.php?rest_route=\/wp\/v2\/types\/post"}],"author":[{"embeddable":true,"href":"https:\/\/archive.sana.sy\/es\/index.php?rest_route=\/wp\/v2\/users\/32"}],"replies":[{"embeddable":true,"href":"https:\/\/archive.sana.sy\/es\/index.php?rest_route=%2Fwp%2Fv2%2Fcomments&post=255376"}],"version-history":[{"count":0,"href":"https:\/\/archive.sana.sy\/es\/index.php?rest_route=\/wp\/v2\/posts\/255376\/revisions"}],"wp:featuredmedia":[{"embeddable":true,"href":"https:\/\/archive.sana.sy\/es\/index.php?rest_route=\/wp\/v2\/media\/255377"}],"wp:attachment":[{"href":"https:\/\/archive.sana.sy\/es\/index.php?rest_route=%2Fwp%2Fv2%2Fmedia&parent=255376"}],"wp:term":[{"taxonomy":"category","embeddable":true,"href":"https:\/\/archive.sana.sy\/es\/index.php?rest_route=%2Fwp%2Fv2%2Fcategories&post=255376"},{"taxonomy":"post_tag","embeddable":true,"href":"https:\/\/archive.sana.sy\/es\/index.php?rest_route=%2Fwp%2Fv2%2Ftags&post=255376"}],"curies":[{"name":"wp","href":"https:\/\/api.w.org\/{rel}","templated":true}]}}