{"id":255385,"date":"2022-10-02T17:16:45","date_gmt":"2022-10-02T14:16:45","guid":{"rendered":"http:\/\/107.6.182.27\/es\/?p=255385"},"modified":"2023-01-10T15:52:18","modified_gmt":"2023-01-10T13:52:18","slug":"donetsk-mueren-siete-civiles-por-bombardeo-ucraniano-contra-donetsk","status":"publish","type":"post","link":"https:\/\/archive.sana.sy\/es\/?p=255385","title":{"rendered":"Donetsk: Mueren siete civiles por bombardeo ucraniano contra Donetsk"},"content":{"rendered":"<p style=\"text-align: justify;\"><span style=\"color: #800000;\"><strong>\u00a0Donetsk, 02 oct (SANA)\u00a0<\/strong> <\/span>\u00a0El cuartel general de defensa regional de la Rep\u00fablica Popular de Donetsk anunci\u00f3 que siete civiles murieron a causa de un bombardeo de las tropas ucranianas contra el territorio de la rep\u00fablica.<\/p>\n<p style=\"text-align: justify;\">&#8220;Durante las \u00faltimas 24 horas, siete personas murieron y otras 10 resultaron heridas como resultado del bombardeo de las fuerzas ucranianas contra la rep\u00fablica&#8221;, inform\u00f3 el Cuartel General en un comunicado.<\/p>\n<p style=\"text-align: justify;\">Las fuerzas ucranianas siguen atacando barrios civiles e infraestructuras a diario en varias zonas de la Rep\u00fablica Popular de Donetsk, causando v\u00edctimas civiles.<\/p>\n<p style=\"text-align: justify;\">ed\/fm<\/p>\n","protected":false},"excerpt":{"rendered":"<p>\u00a0Donetsk, 02 oct (SANA)\u00a0 \u00a0El cuartel general de defensa regional de la Rep\u00fablica Popular de Donetsk anunci\u00f3 que siete civiles murieron a causa de un bombardeo de las tropas ucranianas contra el territorio de la rep\u00fablica. &#8220;Durante las \u00faltimas 24 horas, siete personas murieron y otras 10 resultaron heridas como resultado del bombardeo de las &hellip;<\/p>\n","protected":false},"author":32,"featured_media":255386,"comment_status":"closed","ping_status":"closed","sticky":false,"template":"","format":"standard","meta":{"footnotes":""},"categories":[597,456,20724,7541],"tags":[20684],"class_list":["post-255385","post","type-post","status-publish","format-standard","has-post-thumbnail","","category-cinta-de-noticias","category-arabe-internacional-politica","category-minuto-a-minuto","category-ultimas-noticias","tag-donetsk"],"_links":{"self":[{"href":"https:\/\/archive.sana.sy\/es\/index.php?rest_route=\/wp\/v2\/posts\/255385"}],"collection":[{"href":"https:\/\/archive.sana.sy\/es\/index.php?rest_route=\/wp\/v2\/posts"}],"about":[{"href":"https:\/\/archive.sana.sy\/es\/index.php?rest_route=\/wp\/v2\/types\/post"}],"author":[{"embeddable":true,"href":"https:\/\/archive.sana.sy\/es\/index.php?rest_route=\/wp\/v2\/users\/32"}],"replies":[{"embeddable":true,"href":"https:\/\/archive.sana.sy\/es\/index.php?rest_route=%2Fwp%2Fv2%2Fcomments&post=255385"}],"version-history":[{"count":0,"href":"https:\/\/archive.sana.sy\/es\/index.php?rest_route=\/wp\/v2\/posts\/255385\/revisions"}],"wp:featuredmedia":[{"embeddable":true,"href":"https:\/\/archive.sana.sy\/es\/index.php?rest_route=\/wp\/v2\/media\/255386"}],"wp:attachment":[{"href":"https:\/\/archive.sana.sy\/es\/index.php?rest_route=%2Fwp%2Fv2%2Fmedia&parent=255385"}],"wp:term":[{"taxonomy":"category","embeddable":true,"href":"https:\/\/archive.sana.sy\/es\/index.php?rest_route=%2Fwp%2Fv2%2Fcategories&post=255385"},{"taxonomy":"post_tag","embeddable":true,"href":"https:\/\/archive.sana.sy\/es\/index.php?rest_route=%2Fwp%2Fv2%2Ftags&post=255385"}],"curies":[{"name":"wp","href":"https:\/\/api.w.org\/{rel}","templated":true}]}}