{"id":25549,"date":"2015-06-24T18:07:09","date_gmt":"2015-06-24T15:07:09","guid":{"rendered":"http:\/\/www.sana.sy\/es\/?p=25549"},"modified":"2023-01-09T14:10:02","modified_gmt":"2023-01-09T12:10:02","slug":"al-ali-visita-a-los-heridos-del-doble-atentado-terrorista-contra-la-ciudad-de-hassakeh","status":"publish","type":"post","link":"https:\/\/archive.sana.sy\/es\/?p=25549","title":{"rendered":"Al-Ali visita a los heridos del doble atentado terrorista contra la ciudad de Hassakeh"},"content":{"rendered":"<p><span style=\"color: #800000\"><img loading=\"lazy\" decoding=\"async\" class=\"aligncenter size-medium wp-image-25550\" src=\"http:\/\/www.sana.sy\/es\/wp-content\/uploads\/2015\/06\/danos-Hassakeh-300x160.jpg\" alt=\"danos Hassakeh\" width=\"300\" height=\"160\" srcset=\"https:\/\/archive.sana.sy\/es\/wp-content\/uploads\/2015\/06\/danos-Hassakeh-300x160.jpg 300w, https:\/\/archive.sana.sy\/es\/wp-content\/uploads\/2015\/06\/danos-Hassakeh-150x80.jpg 150w, https:\/\/archive.sana.sy\/es\/wp-content\/uploads\/2015\/06\/danos-Hassakeh.jpg 620w\" sizes=\"(max-width: 300px) 100vw, 300px\" \/>Hassakeh, SANA<\/span><\/p>\n<p>El gobernador de la provincia de Hassakeh, Mohamad Zaal al-Ali efecut\u00f3 esta ma\u00f1ana un recorrido en el lugar del doble atentado terrorista que se hab\u00eda producido ayer contra la ciudad hom\u00f3nima.<\/p>\n<p>Al-Ali dio sus instrucciones para rehabilitar los edificios afectados e indemnizar a los ciudadanos por los da\u00f1os que caus\u00f3 el doble ataque terrorista en sus domicilios.<\/p>\n<p>M\u00e1s tarde, el Gobernador de la provincia nororiental visit\u00f3 a los heridos del doble atentado, que se encuentran en el Hospital Nacional de Hassakeh.<\/p>\n<p>Asimismo a\u00f1adi\u00f3 que las continuas derrotas que sufren las organizaciones terroristas a manos de los soldados sirios, las empujaron a buscar la venganza de los vecinos de Hassakeh.<\/p>\n<p>En otro contexto, al-Ali se reuni\u00f3 en la sede de la Gobernaci\u00f3n de Hassakeh con figuras religiosas tanto musulmanas como cristianas, donde destac\u00f3 el papel de los cl\u00e9rigos de ambas religiones en hacer frente a los pensamientos y la ideolog\u00eda vehiculados por algunas partes contra el islam.<br \/>\nLynn A.<\/p>\n","protected":false},"excerpt":{"rendered":"<p>Hassakeh, SANA El gobernador de la provincia de Hassakeh, Mohamad Zaal al-Ali efecut\u00f3 esta ma\u00f1ana un recorrido en el lugar del doble atentado terrorista que se hab\u00eda producido ayer contra la ciudad hom\u00f3nima. Al-Ali dio sus instrucciones para rehabilitar los edificios afectados e indemnizar a los ciudadanos por los da\u00f1os que caus\u00f3 el doble ataque &hellip;<\/p>\n","protected":false},"author":24,"featured_media":25551,"comment_status":"closed","ping_status":"closed","sticky":false,"template":"","format":"standard","meta":{"footnotes":""},"categories":[477,476],"tags":[5735],"class_list":["post-25549","post","type-post","status-publish","format-standard","has-post-thumbnail","","category-noticias-edulcorantes","category-locales","tag-al-ali-visita-a-los-heridos-del-doble-atentado-terrorista-contra-la-ciudad-de-hassakeh"],"_links":{"self":[{"href":"https:\/\/archive.sana.sy\/es\/index.php?rest_route=\/wp\/v2\/posts\/25549"}],"collection":[{"href":"https:\/\/archive.sana.sy\/es\/index.php?rest_route=\/wp\/v2\/posts"}],"about":[{"href":"https:\/\/archive.sana.sy\/es\/index.php?rest_route=\/wp\/v2\/types\/post"}],"author":[{"embeddable":true,"href":"https:\/\/archive.sana.sy\/es\/index.php?rest_route=\/wp\/v2\/users\/24"}],"replies":[{"embeddable":true,"href":"https:\/\/archive.sana.sy\/es\/index.php?rest_route=%2Fwp%2Fv2%2Fcomments&post=25549"}],"version-history":[{"count":0,"href":"https:\/\/archive.sana.sy\/es\/index.php?rest_route=\/wp\/v2\/posts\/25549\/revisions"}],"wp:featuredmedia":[{"embeddable":true,"href":"https:\/\/archive.sana.sy\/es\/index.php?rest_route=\/wp\/v2\/media\/25551"}],"wp:attachment":[{"href":"https:\/\/archive.sana.sy\/es\/index.php?rest_route=%2Fwp%2Fv2%2Fmedia&parent=25549"}],"wp:term":[{"taxonomy":"category","embeddable":true,"href":"https:\/\/archive.sana.sy\/es\/index.php?rest_route=%2Fwp%2Fv2%2Fcategories&post=25549"},{"taxonomy":"post_tag","embeddable":true,"href":"https:\/\/archive.sana.sy\/es\/index.php?rest_route=%2Fwp%2Fv2%2Ftags&post=25549"}],"curies":[{"name":"wp","href":"https:\/\/api.w.org\/{rel}","templated":true}]}}