{"id":255547,"date":"2022-10-03T14:04:09","date_gmt":"2022-10-03T11:04:09","guid":{"rendered":"http:\/\/107.6.182.27\/es\/?p=255547"},"modified":"2023-01-10T15:52:17","modified_gmt":"2023-01-10T13:52:17","slug":"142-colonos-israelies-asaltan-de-nuevo-la-mezquita-al-aqsa","status":"publish","type":"post","link":"https:\/\/archive.sana.sy\/es\/?p=255547","title":{"rendered":"142 colonos israel\u00edes asaltan de nuevo la Mezquita Al-Aqsa"},"content":{"rendered":"<p style=\"text-align: justify;\"><strong><span style=\"color: #800000;\">Jerusal\u00e9n ocupada, 03 oct (SANA)<\/span><\/strong>\u00a0 Decenas de colonos israel\u00edes irrumpieron este lunes en la Mezquita de Al-Aqsa.<\/p>\n<p style=\"text-align: justify;\">Seg\u00fan informaron medios palestinos, 142 colonos asaltaron este lugar sagrado desde la Puerta de Mughrabi y realizaron actos provocadores en sus patios bajo la estricta protecci\u00f3n de la polic\u00eda de ocupaci\u00f3n.<\/p>\n<p style=\"text-align: justify;\">Unos 4426 colonos invadieron durante la semana pasada el recinto de la Mezquita Al-Aqsa.<\/p>\n<p style=\"text-align: justify;\"><em><strong>ws\/fm<\/strong><\/em><\/p>\n","protected":false},"excerpt":{"rendered":"<p>Jerusal\u00e9n ocupada, 03 oct (SANA)\u00a0 Decenas de colonos israel\u00edes irrumpieron este lunes en la Mezquita de Al-Aqsa. Seg\u00fan informaron medios palestinos, 142 colonos asaltaron este lugar sagrado desde la Puerta de Mughrabi y realizaron actos provocadores en sus patios bajo la estricta protecci\u00f3n de la polic\u00eda de ocupaci\u00f3n. Unos 4426 colonos invadieron durante la semana &hellip;<\/p>\n","protected":false},"author":35,"featured_media":255549,"comment_status":"closed","ping_status":"closed","sticky":false,"template":"","format":"standard","meta":{"footnotes":""},"categories":[597,456,20724,457,7541],"tags":[],"class_list":["post-255547","post","type-post","status-publish","format-standard","has-post-thumbnail","","category-cinta-de-noticias","category-arabe-internacional-politica","category-minuto-a-minuto","category-noticias-arabe-internacional-politica","category-ultimas-noticias"],"_links":{"self":[{"href":"https:\/\/archive.sana.sy\/es\/index.php?rest_route=\/wp\/v2\/posts\/255547"}],"collection":[{"href":"https:\/\/archive.sana.sy\/es\/index.php?rest_route=\/wp\/v2\/posts"}],"about":[{"href":"https:\/\/archive.sana.sy\/es\/index.php?rest_route=\/wp\/v2\/types\/post"}],"author":[{"embeddable":true,"href":"https:\/\/archive.sana.sy\/es\/index.php?rest_route=\/wp\/v2\/users\/35"}],"replies":[{"embeddable":true,"href":"https:\/\/archive.sana.sy\/es\/index.php?rest_route=%2Fwp%2Fv2%2Fcomments&post=255547"}],"version-history":[{"count":0,"href":"https:\/\/archive.sana.sy\/es\/index.php?rest_route=\/wp\/v2\/posts\/255547\/revisions"}],"wp:featuredmedia":[{"embeddable":true,"href":"https:\/\/archive.sana.sy\/es\/index.php?rest_route=\/wp\/v2\/media\/255549"}],"wp:attachment":[{"href":"https:\/\/archive.sana.sy\/es\/index.php?rest_route=%2Fwp%2Fv2%2Fmedia&parent=255547"}],"wp:term":[{"taxonomy":"category","embeddable":true,"href":"https:\/\/archive.sana.sy\/es\/index.php?rest_route=%2Fwp%2Fv2%2Fcategories&post=255547"},{"taxonomy":"post_tag","embeddable":true,"href":"https:\/\/archive.sana.sy\/es\/index.php?rest_route=%2Fwp%2Fv2%2Ftags&post=255547"}],"curies":[{"name":"wp","href":"https:\/\/api.w.org\/{rel}","templated":true}]}}