{"id":255551,"date":"2022-10-03T14:29:23","date_gmt":"2022-10-03T11:29:23","guid":{"rendered":"http:\/\/107.6.182.27\/es\/?p=255551"},"modified":"2022-10-03T14:31:06","modified_gmt":"2022-10-03T11:31:06","slug":"siria-denuncia-que-turquia-sigue-cortando-el-agua-potable-a-la-provincia-de-hasakeh","status":"publish","type":"post","link":"https:\/\/archive.sana.sy\/es\/?p=255551","title":{"rendered":"Siria denuncia que Turqu\u00eda sigue cortando el agua potable a la provincia de Hasakeh"},"content":{"rendered":"<p style=\"text-align: justify;\"><span style=\"color: #800000;\"><strong>Damasco, 3 oct (SANA)<\/strong> <\/span>Siria calific\u00f3 hoy de un delito el corte de agua potable desde hace m\u00e1s de dos meses por parte de Turqu\u00eda y sus mercenarios a la poblaci\u00f3n de la ciudad siria de Hasakeh y sus alrededores.<\/p>\n<p style=\"text-align: justify;\">\u201cDamasco denuncia que el ocupante turco y sus mercenarios siguen cortando el agua potable desde hace m\u00e1s de dos meses a la ciudad de Hasakeh y sus alrededores, y responsabiliza al r\u00e9gimen turco por las secuelas de este delito\u201d, inform\u00f3 Canciller\u00eda siria por medio de una declaraci\u00f3n emitida hoy.<\/p>\n<p style=\"text-align: justify;\">Asegur\u00f3 que el hecho de que las Naciones Unidas y sus organizaciones no condenen las pr\u00e1cticas turcas pone su credibilidad en juego.<\/p>\n<p style=\"text-align: justify;\">Hace caso omiso a este crimen por parte del demandante de derechos humanos desenmascarar\u00eda sus agendas reales y doble est\u00e1ndares, denunci\u00f3 la nota .<\/p>\n<p style=\"text-align: justify;\">fm\/ed<\/p>\n","protected":false},"excerpt":{"rendered":"<p>Damasco, 3 oct (SANA) Siria calific\u00f3 hoy de un delito el corte de agua potable desde hace m\u00e1s de dos meses por parte de Turqu\u00eda y sus mercenarios a la poblaci\u00f3n de la ciudad siria de Hasakeh y sus alrededores. \u201cDamasco denuncia que el ocupante turco y sus mercenarios siguen cortando el agua potable desde &hellip;<\/p>\n","protected":false},"author":32,"featured_media":255553,"comment_status":"closed","ping_status":"closed","sticky":false,"template":"","format":"standard","meta":{"footnotes":""},"categories":[447,477,597,20724,16688,476,583],"tags":[16841,6553,7512],"class_list":["post-255551","post","type-post","status-publish","format-standard","has-post-thumbnail","","category-local-politica","category-noticias-edulcorantes","category-cinta-de-noticias","category-minuto-a-minuto","category-nacionales","category-locales","category-slide","tag-hasakeh","tag-siria","tag-turquia"],"_links":{"self":[{"href":"https:\/\/archive.sana.sy\/es\/index.php?rest_route=\/wp\/v2\/posts\/255551"}],"collection":[{"href":"https:\/\/archive.sana.sy\/es\/index.php?rest_route=\/wp\/v2\/posts"}],"about":[{"href":"https:\/\/archive.sana.sy\/es\/index.php?rest_route=\/wp\/v2\/types\/post"}],"author":[{"embeddable":true,"href":"https:\/\/archive.sana.sy\/es\/index.php?rest_route=\/wp\/v2\/users\/32"}],"replies":[{"embeddable":true,"href":"https:\/\/archive.sana.sy\/es\/index.php?rest_route=%2Fwp%2Fv2%2Fcomments&post=255551"}],"version-history":[{"count":0,"href":"https:\/\/archive.sana.sy\/es\/index.php?rest_route=\/wp\/v2\/posts\/255551\/revisions"}],"wp:featuredmedia":[{"embeddable":true,"href":"https:\/\/archive.sana.sy\/es\/index.php?rest_route=\/wp\/v2\/media\/255553"}],"wp:attachment":[{"href":"https:\/\/archive.sana.sy\/es\/index.php?rest_route=%2Fwp%2Fv2%2Fmedia&parent=255551"}],"wp:term":[{"taxonomy":"category","embeddable":true,"href":"https:\/\/archive.sana.sy\/es\/index.php?rest_route=%2Fwp%2Fv2%2Fcategories&post=255551"},{"taxonomy":"post_tag","embeddable":true,"href":"https:\/\/archive.sana.sy\/es\/index.php?rest_route=%2Fwp%2Fv2%2Ftags&post=255551"}],"curies":[{"name":"wp","href":"https:\/\/api.w.org\/{rel}","templated":true}]}}