{"id":255579,"date":"2022-10-03T18:23:58","date_gmt":"2022-10-03T15:23:58","guid":{"rendered":"http:\/\/107.6.182.27\/es\/?p=255579"},"modified":"2023-01-10T15:52:16","modified_gmt":"2023-01-10T13:52:16","slug":"el-uso-de-armas-nucleares-por-parte-de-rusia-solo-sera-de-acuerdo-con-la-doctrina-nuclear-afirma-peskov","status":"publish","type":"post","link":"https:\/\/archive.sana.sy\/es\/?p=255579","title":{"rendered":"El uso de armas nucleares por parte de Rusia s\u00f3lo ser\u00e1 de acuerdo con la doctrina nuclear, afirma Peskov"},"content":{"rendered":"<p style=\"text-align: justify;\"><span style=\"color: #800000;\"><strong>Mosc\u00fa, 03 oct (SANA)<\/strong><\/span> El portavoz presidencial ruso, Dmitry Peskov, anunci\u00f3 que el uso de las armas nucleares por parte de Rusia ser\u00e1 solo de acuerdo con los t\u00e9rminos de la doctrina nuclear.<\/p>\n<p style=\"text-align: justify;\">En respuesta a una pregunta sobre los llamados de algunos a usar armas nucleares en la operaci\u00f3n especial de Ucrania, Novosti cit\u00f3 a Peskov, diciendo que: \u201dTodas las razones que conducen al uso de tales armas est\u00e1n estipuladas en las disposiciones de la doctrina nuclear, y no puede haber otras consideraciones para su uso\u201d.<\/p>\n<p style=\"text-align: justify;\">En otro contexto, Peskov coment\u00f3 sobre la solicitud del presidente ucraniano Vladimir Zelensky de unirse a la OTAN de manera urgente y r\u00e1pida, diciendo: \u201cEscuchamos las declaraciones de Zelensky y vimos diferentes reacciones de la OTAN\u2026 Hay pa\u00edses que apoyan esta opci\u00f3n para una adhesi\u00f3n r\u00e1pida, y otros que no la apoyan\u201d.<\/p>\n<p style=\"text-align: justify;\">\u201cSeguimos este asunto y nos gustar\u00eda recordar que la tendencia de Ucrania a solicitar la membres\u00eda en la OTAN fue una de las razones para el inicio de la operaci\u00f3n militar especial rusa en Ucrania\u201d, concluy\u00f3.<\/p>\n<p style=\"text-align: justify;\"><em><strong>ah\/mm<\/strong><\/em><\/p>\n","protected":false},"excerpt":{"rendered":"<p>Mosc\u00fa, 03 oct (SANA) El portavoz presidencial ruso, Dmitry Peskov, anunci\u00f3 que el uso de las armas nucleares por parte de Rusia ser\u00e1 solo de acuerdo con los t\u00e9rminos de la doctrina nuclear. En respuesta a una pregunta sobre los llamados de algunos a usar armas nucleares en la operaci\u00f3n especial de Ucrania, Novosti cit\u00f3 &hellip;<\/p>\n","protected":false},"author":30,"featured_media":255580,"comment_status":"closed","ping_status":"closed","sticky":false,"template":"","format":"standard","meta":{"footnotes":""},"categories":[456,20724],"tags":[20752,19811,6695,20357],"class_list":["post-255579","post","type-post","status-publish","format-standard","has-post-thumbnail","","category-arabe-internacional-politica","category-minuto-a-minuto","tag-armas-nucleares","tag-otan","tag-rusia","tag-ucrania"],"_links":{"self":[{"href":"https:\/\/archive.sana.sy\/es\/index.php?rest_route=\/wp\/v2\/posts\/255579"}],"collection":[{"href":"https:\/\/archive.sana.sy\/es\/index.php?rest_route=\/wp\/v2\/posts"}],"about":[{"href":"https:\/\/archive.sana.sy\/es\/index.php?rest_route=\/wp\/v2\/types\/post"}],"author":[{"embeddable":true,"href":"https:\/\/archive.sana.sy\/es\/index.php?rest_route=\/wp\/v2\/users\/30"}],"replies":[{"embeddable":true,"href":"https:\/\/archive.sana.sy\/es\/index.php?rest_route=%2Fwp%2Fv2%2Fcomments&post=255579"}],"version-history":[{"count":0,"href":"https:\/\/archive.sana.sy\/es\/index.php?rest_route=\/wp\/v2\/posts\/255579\/revisions"}],"wp:featuredmedia":[{"embeddable":true,"href":"https:\/\/archive.sana.sy\/es\/index.php?rest_route=\/wp\/v2\/media\/255580"}],"wp:attachment":[{"href":"https:\/\/archive.sana.sy\/es\/index.php?rest_route=%2Fwp%2Fv2%2Fmedia&parent=255579"}],"wp:term":[{"taxonomy":"category","embeddable":true,"href":"https:\/\/archive.sana.sy\/es\/index.php?rest_route=%2Fwp%2Fv2%2Fcategories&post=255579"},{"taxonomy":"post_tag","embeddable":true,"href":"https:\/\/archive.sana.sy\/es\/index.php?rest_route=%2Fwp%2Fv2%2Ftags&post=255579"}],"curies":[{"name":"wp","href":"https:\/\/api.w.org\/{rel}","templated":true}]}}