{"id":255596,"date":"2022-10-03T19:18:52","date_gmt":"2022-10-03T16:18:52","guid":{"rendered":"http:\/\/107.6.182.27\/es\/?p=255596"},"modified":"2023-01-10T15:52:16","modified_gmt":"2023-01-10T13:52:16","slug":"soldados-israelies-arrestan-a-19-palestinos-en-cisjordania","status":"publish","type":"post","link":"https:\/\/archive.sana.sy\/es\/?p=255596","title":{"rendered":"Soldados israel\u00edes arrestan a 19 palestinos en Cisjordania"},"content":{"rendered":"<p style=\"text-align: justify;\"><span style=\"color: #800000;\"><strong>Jerusal\u00e9n ocupada, 03 oct (SANA)<\/strong><\/span> Las tropas del ocupante israel\u00ed arrestaron hoy a 19 palestinos en diferentes \u00e1reas de la Ribera Occidental.<\/p>\n<p style=\"text-align: justify;\">Seg\u00fan divulgaron medios palestinos, los palestinos fueron arrestados por las tropas sionistas tras irrumpir en varios pueblos en Jeric\u00f3, Jenin, Ramallah, Qalqilya, Hebr\u00f3n, Bel\u00e9n y Jerusal\u00e9n ocupada.<\/p>\n<p style=\"text-align: justify;\">Dos palestinos perdieron la vida y un tercero result\u00f3 disparado hoy a manos de los soldados sionistas durante su incursi\u00f3n en el campamento de Jalazun en Ramallah, mientras que decenas resultaron heridos durante la agresi\u00f3n de los soldados israel\u00edes contra una manifestaci\u00f3n estudiantil en la ciudad de Taqua en Bel\u00e9n.<\/p>\n<p>ah\/ mm<\/p>\n","protected":false},"excerpt":{"rendered":"<p>Jerusal\u00e9n ocupada, 03 oct (SANA) Las tropas del ocupante israel\u00ed arrestaron hoy a 19 palestinos en diferentes \u00e1reas de la Ribera Occidental. Seg\u00fan divulgaron medios palestinos, los palestinos fueron arrestados por las tropas sionistas tras irrumpir en varios pueblos en Jeric\u00f3, Jenin, Ramallah, Qalqilya, Hebr\u00f3n, Bel\u00e9n y Jerusal\u00e9n ocupada. Dos palestinos perdieron la vida y &hellip;<\/p>\n","protected":false},"author":36,"featured_media":255597,"comment_status":"closed","ping_status":"closed","sticky":false,"template":"","format":"standard","meta":{"footnotes":""},"categories":[597,456,457],"tags":[16054],"class_list":["post-255596","post","type-post","status-publish","format-standard","has-post-thumbnail","","category-cinta-de-noticias","category-arabe-internacional-politica","category-noticias-arabe-internacional-politica","tag-amplia-solidaridad-con-los-habitantes-de-wadi-al-humos-en-jerusalen-ocupada"],"_links":{"self":[{"href":"https:\/\/archive.sana.sy\/es\/index.php?rest_route=\/wp\/v2\/posts\/255596"}],"collection":[{"href":"https:\/\/archive.sana.sy\/es\/index.php?rest_route=\/wp\/v2\/posts"}],"about":[{"href":"https:\/\/archive.sana.sy\/es\/index.php?rest_route=\/wp\/v2\/types\/post"}],"author":[{"embeddable":true,"href":"https:\/\/archive.sana.sy\/es\/index.php?rest_route=\/wp\/v2\/users\/36"}],"replies":[{"embeddable":true,"href":"https:\/\/archive.sana.sy\/es\/index.php?rest_route=%2Fwp%2Fv2%2Fcomments&post=255596"}],"version-history":[{"count":0,"href":"https:\/\/archive.sana.sy\/es\/index.php?rest_route=\/wp\/v2\/posts\/255596\/revisions"}],"wp:featuredmedia":[{"embeddable":true,"href":"https:\/\/archive.sana.sy\/es\/index.php?rest_route=\/wp\/v2\/media\/255597"}],"wp:attachment":[{"href":"https:\/\/archive.sana.sy\/es\/index.php?rest_route=%2Fwp%2Fv2%2Fmedia&parent=255596"}],"wp:term":[{"taxonomy":"category","embeddable":true,"href":"https:\/\/archive.sana.sy\/es\/index.php?rest_route=%2Fwp%2Fv2%2Fcategories&post=255596"},{"taxonomy":"post_tag","embeddable":true,"href":"https:\/\/archive.sana.sy\/es\/index.php?rest_route=%2Fwp%2Fv2%2Ftags&post=255596"}],"curies":[{"name":"wp","href":"https:\/\/api.w.org\/{rel}","templated":true}]}}