{"id":25560,"date":"2015-06-24T19:10:32","date_gmt":"2015-06-24T16:10:32","guid":{"rendered":"http:\/\/www.sana.sy\/es\/?p=25560"},"modified":"2015-06-24T19:11:30","modified_gmt":"2015-06-24T16:11:30","slug":"ente-sionista-decide-trasportar-a-los-terroristas-heridos-en-siria-por-helicopteros-a-sus-hospitales","status":"publish","type":"post","link":"https:\/\/archive.sana.sy\/es\/?p=25560","title":{"rendered":"Ente sionista decide trasportar a los terroristas heridos en Siria por helic\u00f3pteros a sus hospitales"},"content":{"rendered":"<p><span style=\"color: #800000\">Jerusal\u00e9n ocupada, SANA<\/span><\/p>\n<p>Las autoridades del ocupante israel\u00ed decidieron adoptar nuevos medios de traslade de los terroristas heridos tras la operaci\u00f3n heroica realizada hace dos d\u00edas por algunos vecinos del Gol\u00e1n sirio ocupado, en la cual estos \u00faltimos interceptaron una ambulancia de las fuerzas israel\u00edes que trasladaba a dos terroristas heridos del Frente de al-Nousra a uno de los hospitales del ente sionista para prestarles la atenci\u00f3n m\u00e9dica, y la impidi\u00f3 avanzar, lo que caus\u00f3 la muerte de ambos terroristas.<\/p>\n<p>En este contexto, el diario israel\u00ed \u201cHaaretz\u201d cit\u00f3 a \u201ctrascendentes fuentes en el ej\u00e9rcito israel\u00ed\u201d confirmando su intenci\u00f3n de \u201ccontinuar las operaciones de traslade de terroristas de Siria a Israel\u201d revelando la posibilidad de \u201ctrasportar a los sirios heridos a bordo de helic\u00f3pteros privados\u201d.<\/p>\n<p>Asimismo informaron que ya no se pide a las ambulancias israel\u00edes que transportan a los terroristas heridos pasar por algunos poblados del Gol\u00e1n sirio ocupado.<\/p>\n<p>Esta decisi\u00f3n complementa el papel israel\u00ed de patrocinio a los terroristas que operan en Siria, se\u00f1alaron observadores.<br \/>\nCabe destacar que fuentes israel\u00edes revelaron que al menos 1600 terroristas heridos en Siria fueron ingresados en los hospitales del ente sionista para recibir el tratamiento m\u00e9dico.<\/p>\n<p>&nbsp;<\/p>\n<p>&nbsp;<\/p>\n<p>Lynn A.<\/p>\n","protected":false},"excerpt":{"rendered":"<p>Jerusal\u00e9n ocupada, SANA Las autoridades del ocupante israel\u00ed decidieron adoptar nuevos medios de traslade de los terroristas heridos tras la operaci\u00f3n heroica realizada hace dos d\u00edas por algunos vecinos del Gol\u00e1n sirio ocupado, en la cual estos \u00faltimos interceptaron una ambulancia de las fuerzas israel\u00edes que trasladaba a dos terroristas heridos del Frente de al-Nousra &hellip;<\/p>\n","protected":false},"author":24,"featured_media":25561,"comment_status":"closed","ping_status":"closed","sticky":false,"template":"","format":"standard","meta":{"footnotes":""},"categories":[456,457,576],"tags":[5736],"class_list":["post-25560","post","type-post","status-publish","format-standard","has-post-thumbnail","","category-arabe-internacional-politica","category-noticias-arabe-internacional-politica","category-noticias-politicas","tag-ente-sionista-decide-trasportar-a-los-terroristas-heridos-en-siria-por-helicopteros-a-sus-hospitales"],"_links":{"self":[{"href":"https:\/\/archive.sana.sy\/es\/index.php?rest_route=\/wp\/v2\/posts\/25560"}],"collection":[{"href":"https:\/\/archive.sana.sy\/es\/index.php?rest_route=\/wp\/v2\/posts"}],"about":[{"href":"https:\/\/archive.sana.sy\/es\/index.php?rest_route=\/wp\/v2\/types\/post"}],"author":[{"embeddable":true,"href":"https:\/\/archive.sana.sy\/es\/index.php?rest_route=\/wp\/v2\/users\/24"}],"replies":[{"embeddable":true,"href":"https:\/\/archive.sana.sy\/es\/index.php?rest_route=%2Fwp%2Fv2%2Fcomments&post=25560"}],"version-history":[{"count":0,"href":"https:\/\/archive.sana.sy\/es\/index.php?rest_route=\/wp\/v2\/posts\/25560\/revisions"}],"wp:featuredmedia":[{"embeddable":true,"href":"https:\/\/archive.sana.sy\/es\/index.php?rest_route=\/wp\/v2\/media\/25561"}],"wp:attachment":[{"href":"https:\/\/archive.sana.sy\/es\/index.php?rest_route=%2Fwp%2Fv2%2Fmedia&parent=25560"}],"wp:term":[{"taxonomy":"category","embeddable":true,"href":"https:\/\/archive.sana.sy\/es\/index.php?rest_route=%2Fwp%2Fv2%2Fcategories&post=25560"},{"taxonomy":"post_tag","embeddable":true,"href":"https:\/\/archive.sana.sy\/es\/index.php?rest_route=%2Fwp%2Fv2%2Ftags&post=25560"}],"curies":[{"name":"wp","href":"https:\/\/api.w.org\/{rel}","templated":true}]}}