{"id":255664,"date":"2022-10-04T13:46:17","date_gmt":"2022-10-04T10:46:17","guid":{"rendered":"http:\/\/107.6.182.27\/es\/?p=255664"},"modified":"2023-01-10T15:52:13","modified_gmt":"2023-01-10T13:52:13","slug":"cifra-de-victimas-mortales-por-huracan-ian-supera-el-centenar-en-eeuu","status":"publish","type":"post","link":"https:\/\/archive.sana.sy\/es\/?p=255664","title":{"rendered":"Cifra de v\u00edctimas mortales por hurac\u00e1n Ian supera el centenar en EEUU"},"content":{"rendered":"<p style=\"text-align: justify;\"><span style=\"color: #800000;\"><strong>Washington, 4 oct (SANA)<\/strong> <\/span>Las labores de rescate y recuperaci\u00f3n contin\u00faan hoy en Florida, donde la cifra de v\u00edctimas mortales roza el centenar tras el paso del hurac\u00e1n Ian, cuyos perjuicios resultaron devastadores en la costa oeste.<\/p>\n<p style=\"text-align: justify;\">El alguacil del condado de Lee, Carmine Marceno, confirm\u00f3 54 muertes en esa localidad, con lo que el total de fallecidos en el Estado aument\u00f3 a al menos 99, acorde con un reporte de la cadena de noticias CBS News.<\/p>\n<p style=\"text-align: justify;\">Eso, sumado a la p\u00e9rdida de cuatro vidas a causa del azote de la tormenta en Carolina del Norte, eleva el guarismo a 103, abund\u00f3 el reporte.<\/p>\n<p style=\"text-align: justify;\">fm\/ed<\/p>\n","protected":false},"excerpt":{"rendered":"<p>Washington, 4 oct (SANA) Las labores de rescate y recuperaci\u00f3n contin\u00faan hoy en Florida, donde la cifra de v\u00edctimas mortales roza el centenar tras el paso del hurac\u00e1n Ian, cuyos perjuicios resultaron devastadores en la costa oeste. El alguacil del condado de Lee, Carmine Marceno, confirm\u00f3 54 muertes en esa localidad, con lo que el &hellip;<\/p>\n","protected":false},"author":32,"featured_media":255665,"comment_status":"closed","ping_status":"closed","sticky":false,"template":"","format":"standard","meta":{"footnotes":""},"categories":[597,456,20724,7541],"tags":[19641],"class_list":["post-255664","post","type-post","status-publish","format-standard","has-post-thumbnail","","category-cinta-de-noticias","category-arabe-internacional-politica","category-minuto-a-minuto","category-ultimas-noticias","tag-washington"],"_links":{"self":[{"href":"https:\/\/archive.sana.sy\/es\/index.php?rest_route=\/wp\/v2\/posts\/255664"}],"collection":[{"href":"https:\/\/archive.sana.sy\/es\/index.php?rest_route=\/wp\/v2\/posts"}],"about":[{"href":"https:\/\/archive.sana.sy\/es\/index.php?rest_route=\/wp\/v2\/types\/post"}],"author":[{"embeddable":true,"href":"https:\/\/archive.sana.sy\/es\/index.php?rest_route=\/wp\/v2\/users\/32"}],"replies":[{"embeddable":true,"href":"https:\/\/archive.sana.sy\/es\/index.php?rest_route=%2Fwp%2Fv2%2Fcomments&post=255664"}],"version-history":[{"count":0,"href":"https:\/\/archive.sana.sy\/es\/index.php?rest_route=\/wp\/v2\/posts\/255664\/revisions"}],"wp:featuredmedia":[{"embeddable":true,"href":"https:\/\/archive.sana.sy\/es\/index.php?rest_route=\/wp\/v2\/media\/255665"}],"wp:attachment":[{"href":"https:\/\/archive.sana.sy\/es\/index.php?rest_route=%2Fwp%2Fv2%2Fmedia&parent=255664"}],"wp:term":[{"taxonomy":"category","embeddable":true,"href":"https:\/\/archive.sana.sy\/es\/index.php?rest_route=%2Fwp%2Fv2%2Fcategories&post=255664"},{"taxonomy":"post_tag","embeddable":true,"href":"https:\/\/archive.sana.sy\/es\/index.php?rest_route=%2Fwp%2Fv2%2Ftags&post=255664"}],"curies":[{"name":"wp","href":"https:\/\/api.w.org\/{rel}","templated":true}]}}