{"id":255667,"date":"2022-10-04T13:48:34","date_gmt":"2022-10-04T10:48:34","guid":{"rendered":"http:\/\/107.6.182.27\/es\/?p=255667"},"modified":"2023-01-10T15:52:13","modified_gmt":"2023-01-10T13:52:13","slug":"mas-de-70-mil-voluntarios-asisten-a-centros-de-reclutamiento-rusos","status":"publish","type":"post","link":"https:\/\/archive.sana.sy\/es\/?p=255667","title":{"rendered":"M\u00e1s de 70 mil voluntarios asisten a centros de reclutamiento rusos"},"content":{"rendered":"<p style=\"text-align: justify;\"><strong><span style=\"color: #800000;\">Mosc\u00fa, 4 oct (Prensa Latina)\u00a0<\/span><\/strong> Desde el inicio de la movilizaci\u00f3n parcial en Rusia, los centros de reclutamiento recibieron de manera voluntaria m\u00e1s de 70 mil personas, inform\u00f3 hoy el viceprimer ministro, Dmitri Chernyshenko.<\/p>\n<p>De acuerdo con el funcionario, \u00abest\u00e1 habilitado el registro para voluntarios en el portal de servicio p\u00fablico Gosuslugi, y el fin de semana pasado se enviaron m\u00e1s de dos mil solicitudes\u00bb.<\/p>\n<p style=\"text-align: justify;\">El 21 de septiembre, el presidente ruso, Vlad\u00edmir Putin firm\u00f3 un decreto para la movilizaci\u00f3n parcial de los ciudadanos con experiencia militar con el objetivo de asegurar el territorio ruso ante el conflicto directo con el ej\u00e9rcito ucraniano.<\/p>\n<p style=\"text-align: justify;\">Tras el anuncio del Kremlin, el ministro de Defensa, Sergu\u00e9i Shoig\u00fa, comunic\u00f3 al pa\u00eds el alistamiento de 300 mil ciudadanos en correspondencia con la decisi\u00f3n del ejecutivo ruso.<\/p>\n<p style=\"text-align: justify;\"><strong>fm\/ws<\/strong><\/p>\n","protected":false},"excerpt":{"rendered":"<p>Mosc\u00fa, 4 oct (Prensa Latina)\u00a0 Desde el inicio de la movilizaci\u00f3n parcial en Rusia, los centros de reclutamiento recibieron de manera voluntaria m\u00e1s de 70 mil personas, inform\u00f3 hoy el viceprimer ministro, Dmitri Chernyshenko. De acuerdo con el funcionario, \u00abest\u00e1 habilitado el registro para voluntarios en el portal de servicio p\u00fablico Gosuslugi, y el fin &hellip;<\/p>\n","protected":false},"author":35,"featured_media":255668,"comment_status":"closed","ping_status":"closed","sticky":false,"template":"","format":"standard","meta":{"footnotes":""},"categories":[597,456,20724,457,7541],"tags":[],"class_list":["post-255667","post","type-post","status-publish","format-standard","has-post-thumbnail","","category-cinta-de-noticias","category-arabe-internacional-politica","category-minuto-a-minuto","category-noticias-arabe-internacional-politica","category-ultimas-noticias"],"_links":{"self":[{"href":"https:\/\/archive.sana.sy\/es\/index.php?rest_route=\/wp\/v2\/posts\/255667"}],"collection":[{"href":"https:\/\/archive.sana.sy\/es\/index.php?rest_route=\/wp\/v2\/posts"}],"about":[{"href":"https:\/\/archive.sana.sy\/es\/index.php?rest_route=\/wp\/v2\/types\/post"}],"author":[{"embeddable":true,"href":"https:\/\/archive.sana.sy\/es\/index.php?rest_route=\/wp\/v2\/users\/35"}],"replies":[{"embeddable":true,"href":"https:\/\/archive.sana.sy\/es\/index.php?rest_route=%2Fwp%2Fv2%2Fcomments&post=255667"}],"version-history":[{"count":0,"href":"https:\/\/archive.sana.sy\/es\/index.php?rest_route=\/wp\/v2\/posts\/255667\/revisions"}],"wp:featuredmedia":[{"embeddable":true,"href":"https:\/\/archive.sana.sy\/es\/index.php?rest_route=\/wp\/v2\/media\/255668"}],"wp:attachment":[{"href":"https:\/\/archive.sana.sy\/es\/index.php?rest_route=%2Fwp%2Fv2%2Fmedia&parent=255667"}],"wp:term":[{"taxonomy":"category","embeddable":true,"href":"https:\/\/archive.sana.sy\/es\/index.php?rest_route=%2Fwp%2Fv2%2Fcategories&post=255667"},{"taxonomy":"post_tag","embeddable":true,"href":"https:\/\/archive.sana.sy\/es\/index.php?rest_route=%2Fwp%2Fv2%2Ftags&post=255667"}],"curies":[{"name":"wp","href":"https:\/\/api.w.org\/{rel}","templated":true}]}}