{"id":255688,"date":"2022-10-04T15:39:05","date_gmt":"2022-10-04T12:39:05","guid":{"rendered":"http:\/\/107.6.182.27\/es\/?p=255688"},"modified":"2023-01-10T15:52:13","modified_gmt":"2023-01-10T13:52:13","slug":"ocupante-israeli-asesino-a-167-palestinos-desde-principios-del-ano-actual","status":"publish","type":"post","link":"https:\/\/archive.sana.sy\/es\/?p=255688","title":{"rendered":"Ocupante israel\u00ed asesin\u00f3 a 167 palestinos desde principios del a\u00f1o actual"},"content":{"rendered":"<p style=\"text-align: justify\"><span style=\"color: #800000\"><strong>Jerusal\u00e9n ocupada, 04 oct (SANA)<\/strong><\/span> La escalada de las agresiones israel\u00edes contra el pueblo palestino ha dejado desde principios del a\u00f1o actual cientos de m\u00e1rtires, heridos y detenidos, sin ninguna reacci\u00f3n de la comunidad internacional.<\/p>\n<p style=\"text-align: justify\">Organizaciones palestinas de derechos humanos reportaron que desde el inicio de 2022, los ataques israel\u00edes han ocasionado la muerte de 167 palestinos- incluidos 34 ni\u00f1os- 51 de ellos murieron durante la reciente agresi\u00f3n israel\u00ed contra la sitiada Franja de Gaza en agosto pasado.<\/p>\n<p style=\"text-align: justify\">Al respecto, la Presidencia Palestina aclar\u00f3 que las fuerzas ocupantes y los colonos est\u00e1n librando una guerra integral de forma diaria contra las ciudades, pueblos y campamentos palestinos, exigiendo a la comunidad internacional, en particular al Consejo de Seguridad, que interviniera con urgencia para salvaguardar al pueblo palestino.<\/p>\n<p style=\"text-align: justify\">Por su parte, el portavoz del gobierno palestino, Ibrahim Melhem, explic\u00f3 en un comunicado al corresponsal de SANA que la potencia ocupante ha aplicado una pol\u00edtica sistem\u00e1tica y peligrosa, la cual se basa en llevar a cabo matanzas diarias contra los palestinos, ni\u00f1os, hombres y mujeres, profanar las santidades isl\u00e1micas y cristianas y demoler las viviendas.<\/p>\n<p style=\"text-align: justify\">Aclar\u00f3 que esta pol\u00edtica tiene como objetivo principal socavar la resistencia de los palestinos y consagrar la ocupaci\u00f3n y la judaizaci\u00f3n.<\/p>\n<p style=\"text-align: justify\">\nla<\/p>\n","protected":false},"excerpt":{"rendered":"<p>Jerusal\u00e9n ocupada, 04 oct (SANA) La escalada de las agresiones israel\u00edes contra el pueblo palestino ha dejado desde principios del a\u00f1o actual cientos de m\u00e1rtires, heridos y detenidos, sin ninguna reacci\u00f3n de la comunidad internacional. Organizaciones palestinas de derechos humanos reportaron que desde el inicio de 2022, los ataques israel\u00edes han ocasionado la muerte de &hellip;<\/p>\n","protected":false},"author":24,"featured_media":255689,"comment_status":"closed","ping_status":"closed","sticky":false,"template":"","format":"standard","meta":{"footnotes":""},"categories":[447,477,597,456,7541],"tags":[],"class_list":["post-255688","post","type-post","status-publish","format-standard","has-post-thumbnail","","category-local-politica","category-noticias-edulcorantes","category-cinta-de-noticias","category-arabe-internacional-politica","category-ultimas-noticias"],"_links":{"self":[{"href":"https:\/\/archive.sana.sy\/es\/index.php?rest_route=\/wp\/v2\/posts\/255688"}],"collection":[{"href":"https:\/\/archive.sana.sy\/es\/index.php?rest_route=\/wp\/v2\/posts"}],"about":[{"href":"https:\/\/archive.sana.sy\/es\/index.php?rest_route=\/wp\/v2\/types\/post"}],"author":[{"embeddable":true,"href":"https:\/\/archive.sana.sy\/es\/index.php?rest_route=\/wp\/v2\/users\/24"}],"replies":[{"embeddable":true,"href":"https:\/\/archive.sana.sy\/es\/index.php?rest_route=%2Fwp%2Fv2%2Fcomments&post=255688"}],"version-history":[{"count":0,"href":"https:\/\/archive.sana.sy\/es\/index.php?rest_route=\/wp\/v2\/posts\/255688\/revisions"}],"wp:featuredmedia":[{"embeddable":true,"href":"https:\/\/archive.sana.sy\/es\/index.php?rest_route=\/wp\/v2\/media\/255689"}],"wp:attachment":[{"href":"https:\/\/archive.sana.sy\/es\/index.php?rest_route=%2Fwp%2Fv2%2Fmedia&parent=255688"}],"wp:term":[{"taxonomy":"category","embeddable":true,"href":"https:\/\/archive.sana.sy\/es\/index.php?rest_route=%2Fwp%2Fv2%2Fcategories&post=255688"},{"taxonomy":"post_tag","embeddable":true,"href":"https:\/\/archive.sana.sy\/es\/index.php?rest_route=%2Fwp%2Fv2%2Ftags&post=255688"}],"curies":[{"name":"wp","href":"https:\/\/api.w.org\/{rel}","templated":true}]}}