{"id":255766,"date":"2022-10-05T06:32:45","date_gmt":"2022-10-05T03:32:45","guid":{"rendered":"http:\/\/107.6.182.27\/es\/?p=255766"},"modified":"2023-01-10T15:52:11","modified_gmt":"2023-01-10T13:52:11","slug":"kiev-arremete-contra-el-papa-francisco-y-elon-musk-por-sus-planes-de-paz-para-ucrania","status":"publish","type":"post","link":"https:\/\/archive.sana.sy\/es\/?p=255766","title":{"rendered":"Kiev arremete contra el papa Francisco y Elon Musk por sus planes de paz para Ucrania"},"content":{"rendered":"<p style=\"text-align: justify;\"><span style=\"color: #800000;\"><strong>Mosc\u00fa, 5 oct (SANA)<\/strong><\/span> Un asesor de la oficina de la presidencia de Ucrania, Alex\u00e9i Arest\u00f3vich, calific\u00f3 de &#8220;abor\u00edgenes&#8221; al papa Francisco y al empresario Elon Musk luego de que el l\u00edder religioso y el magnate propusieran ideas para terminar con el conflicto del pa\u00eds europeo con Rusia, public\u00f3 la agencia Sputnik.<\/p>\n<p style=\"text-align: justify;\">&#8220;Esa pandilla de inocentes abor\u00edgenes me cansa, Francisco es ahora un marciano&#8221;, declar\u00f3 el funcionario de Kiev, y consider\u00f3 que las perspectivas del jefe del Estado Vaticano y del titular de Tesla se est\u00e1n expandiendo por Occidente y deben terminar lo m\u00e1s pronto posible.<\/p>\n<p style=\"text-align: justify;\">Los comentarios de Arest\u00f3vich se dan luego de que el papa Francisco declarara en repetidas ocasiones que las causas de la crisis en Ucrania se vinculan a las acciones de la Organizaci\u00f3n del Tratado del Atl\u00e1ntico Norte (OTAN) en torno a las fronteras del pa\u00eds europeo con Rusia.<\/p>\n<p style=\"text-align: justify;\">En tanto, Musk public\u00f3 en su cuenta de Twitter un plan paso a paso para alcanzar la paz entre Kiev y Mosc\u00fa.<\/p>\n<p style=\"text-align: justify;\">fm<\/p>\n","protected":false},"excerpt":{"rendered":"<p>Mosc\u00fa, 5 oct (SANA) Un asesor de la oficina de la presidencia de Ucrania, Alex\u00e9i Arest\u00f3vich, calific\u00f3 de &#8220;abor\u00edgenes&#8221; al papa Francisco y al empresario Elon Musk luego de que el l\u00edder religioso y el magnate propusieran ideas para terminar con el conflicto del pa\u00eds europeo con Rusia, public\u00f3 la agencia Sputnik. &#8220;Esa pandilla de &hellip;<\/p>\n","protected":false},"author":34,"featured_media":255767,"comment_status":"closed","ping_status":"closed","sticky":false,"template":"","format":"standard","meta":{"footnotes":""},"categories":[597,456,20724],"tags":[],"class_list":["post-255766","post","type-post","status-publish","format-standard","has-post-thumbnail","","category-cinta-de-noticias","category-arabe-internacional-politica","category-minuto-a-minuto"],"_links":{"self":[{"href":"https:\/\/archive.sana.sy\/es\/index.php?rest_route=\/wp\/v2\/posts\/255766"}],"collection":[{"href":"https:\/\/archive.sana.sy\/es\/index.php?rest_route=\/wp\/v2\/posts"}],"about":[{"href":"https:\/\/archive.sana.sy\/es\/index.php?rest_route=\/wp\/v2\/types\/post"}],"author":[{"embeddable":true,"href":"https:\/\/archive.sana.sy\/es\/index.php?rest_route=\/wp\/v2\/users\/34"}],"replies":[{"embeddable":true,"href":"https:\/\/archive.sana.sy\/es\/index.php?rest_route=%2Fwp%2Fv2%2Fcomments&post=255766"}],"version-history":[{"count":0,"href":"https:\/\/archive.sana.sy\/es\/index.php?rest_route=\/wp\/v2\/posts\/255766\/revisions"}],"wp:featuredmedia":[{"embeddable":true,"href":"https:\/\/archive.sana.sy\/es\/index.php?rest_route=\/wp\/v2\/media\/255767"}],"wp:attachment":[{"href":"https:\/\/archive.sana.sy\/es\/index.php?rest_route=%2Fwp%2Fv2%2Fmedia&parent=255766"}],"wp:term":[{"taxonomy":"category","embeddable":true,"href":"https:\/\/archive.sana.sy\/es\/index.php?rest_route=%2Fwp%2Fv2%2Fcategories&post=255766"},{"taxonomy":"post_tag","embeddable":true,"href":"https:\/\/archive.sana.sy\/es\/index.php?rest_route=%2Fwp%2Fv2%2Ftags&post=255766"}],"curies":[{"name":"wp","href":"https:\/\/api.w.org\/{rel}","templated":true}]}}