{"id":255769,"date":"2022-10-05T09:24:02","date_gmt":"2022-10-05T06:24:02","guid":{"rendered":"http:\/\/107.6.182.27\/es\/?p=255769"},"modified":"2022-10-05T09:24:02","modified_gmt":"2022-10-05T06:24:02","slug":"siria-confirma-39-muertos-y-594-casos-confirmados-de-colera","status":"publish","type":"post","link":"https:\/\/archive.sana.sy\/es\/?p=255769","title":{"rendered":"Siria confirma 39 muertos y 594 casos confirmados de c\u00f3lera"},"content":{"rendered":"<p style=\"text-align: justify;\"><strong><span style=\"color: #800000;\">Damasco, 5 oct (SANA)\u00a0<\/span> <\/strong>\u00a0El Ministerio de Salud de Siria anunci\u00f3 hoy que el n\u00famero acumulado de casos de c\u00f3lera confirmados mediante pruebas r\u00e1pidas en el pa\u00eds ascendi\u00f3 a 594, (386\u00a0 en Alepo, 84 en Deir Ezzor, 45 en Hasakeh, 21 en Latakia,6en Homs y 6en Damasco).<\/p>\n<p style=\"text-align: justify;\">Un comunicado del ministerio del que SANA recibi\u00f3 una copia, informa que el n\u00famero total de muertes por c\u00f3lera es 39 y todos debido a la demora en buscar atenci\u00f3n m\u00e9dica (34 en Alepo, 2 en Deir Ezzor y 3 en Hasakeh).<\/p>\n<p style=\"text-align: justify;\">Asegur\u00f3 que se est\u00e1 llevando a cabo vigilancia epidemiol\u00f3gica de la enfermedad las 24 horas del d\u00eda, adem\u00e1s de investigar los casos sospechosos y muestras, y brindar tratamiento preventivo a las personas que estuvieron en contacto con enfermos.<\/p>\n<p style=\"text-align: justify;\"><strong>ws\/fm<\/strong><\/p>\n","protected":false},"excerpt":{"rendered":"<p>Damasco, 5 oct (SANA)\u00a0 \u00a0El Ministerio de Salud de Siria anunci\u00f3 hoy que el n\u00famero acumulado de casos de c\u00f3lera confirmados mediante pruebas r\u00e1pidas en el pa\u00eds ascendi\u00f3 a 594, (386\u00a0 en Alepo, 84 en Deir Ezzor, 45 en Hasakeh, 21 en Latakia,6en Homs y 6en Damasco). Un comunicado del ministerio del que SANA recibi\u00f3 &hellip;<\/p>\n","protected":false},"author":35,"featured_media":255770,"comment_status":"closed","ping_status":"closed","sticky":false,"template":"","format":"standard","meta":{"footnotes":""},"categories":[477,447,597,476,7541],"tags":[],"class_list":["post-255769","post","type-post","status-publish","format-standard","has-post-thumbnail","","category-noticias-edulcorantes","category-local-politica","category-cinta-de-noticias","category-locales","category-ultimas-noticias"],"_links":{"self":[{"href":"https:\/\/archive.sana.sy\/es\/index.php?rest_route=\/wp\/v2\/posts\/255769"}],"collection":[{"href":"https:\/\/archive.sana.sy\/es\/index.php?rest_route=\/wp\/v2\/posts"}],"about":[{"href":"https:\/\/archive.sana.sy\/es\/index.php?rest_route=\/wp\/v2\/types\/post"}],"author":[{"embeddable":true,"href":"https:\/\/archive.sana.sy\/es\/index.php?rest_route=\/wp\/v2\/users\/35"}],"replies":[{"embeddable":true,"href":"https:\/\/archive.sana.sy\/es\/index.php?rest_route=%2Fwp%2Fv2%2Fcomments&post=255769"}],"version-history":[{"count":0,"href":"https:\/\/archive.sana.sy\/es\/index.php?rest_route=\/wp\/v2\/posts\/255769\/revisions"}],"wp:featuredmedia":[{"embeddable":true,"href":"https:\/\/archive.sana.sy\/es\/index.php?rest_route=\/wp\/v2\/media\/255770"}],"wp:attachment":[{"href":"https:\/\/archive.sana.sy\/es\/index.php?rest_route=%2Fwp%2Fv2%2Fmedia&parent=255769"}],"wp:term":[{"taxonomy":"category","embeddable":true,"href":"https:\/\/archive.sana.sy\/es\/index.php?rest_route=%2Fwp%2Fv2%2Fcategories&post=255769"},{"taxonomy":"post_tag","embeddable":true,"href":"https:\/\/archive.sana.sy\/es\/index.php?rest_route=%2Fwp%2Fv2%2Ftags&post=255769"}],"curies":[{"name":"wp","href":"https:\/\/api.w.org\/{rel}","templated":true}]}}