{"id":255785,"date":"2022-10-05T12:30:45","date_gmt":"2022-10-05T09:30:45","guid":{"rendered":"http:\/\/107.6.182.27\/es\/?p=255785"},"modified":"2022-10-05T15:50:20","modified_gmt":"2022-10-05T12:50:20","slug":"acto-solidario-en-damasco-con-los-prisioneros-y-detenidos-en-las-carceles-del-ocupante-israeli","status":"publish","type":"post","link":"https:\/\/archive.sana.sy\/es\/?p=255785","title":{"rendered":"Acto solidario en Damasco con los prisioneros y detenidos en las c\u00e1rceles del ocupante israel\u00ed"},"content":{"rendered":"<p><span style=\"color: #800000;\"><strong>Damasco, 05 oct (SANA)\u00a0<\/strong> <\/span>Un acto de solidaridad en apoyo a los presos y detenidos en huelga de hambre en las prisiones de ocupaci\u00f3n israel\u00ed se organiz\u00f3 hoy frente a la misi\u00f3n de la Cruz Roja Internacional en la capital Damasco.<\/p>\n<p>Durante el acto, la misi\u00f3n del Comit\u00e9 Internacional de la Cruz Roja recibi\u00f3 un documento en el que los manifestantes exigieron intervenir para salvar la vida de los huelguistas de hambre y presionar al ocupante sionista para que detuviera el arresto de palestinos sin una acusaci\u00f3n clara y expl\u00edcita.<\/p>\n<p>Los prisioneros est\u00e1n librando todos los d\u00edas una batalla en la que alzan la voz para que todo el mundo los escuche y sepa la magnitud del sufrimiento de los prisioneros y los abusos y violaciones que enfrentan, afirm\u00f3 el documento.<\/p>\n<p>La jefa adjunta del Comit\u00e9 Internacional de la misi\u00f3n de la Cruz Roja en Siria, Andrea Heath, dijo en una declaraci\u00f3n a SANA que el comit\u00e9 busca garantizar que los prisioneros disfruten de visitas familiares e informar a la familia sobre el estado de salud de ellos.<\/p>\n<p><strong>ed\/fm\/ws<\/strong><\/p>\n<div id='gallery-1' class='gallery galleryid-255785 gallery-columns-1 gallery-size-full'><figure class='gallery-item'>\n\t\t\t<div class='gallery-icon landscape'>\n\t\t\t\t<a href='https:\/\/archive.sana.sy\/es\/wp-content\/uploads\/2022\/10\/photo_2022-10-05_10-18-43.jpg'><img loading=\"lazy\" decoding=\"async\" width=\"1280\" height=\"825\" src=\"https:\/\/archive.sana.sy\/es\/wp-content\/uploads\/2022\/10\/photo_2022-10-05_10-18-43.jpg\" class=\"attachment-full size-full\" alt=\"\" srcset=\"https:\/\/archive.sana.sy\/es\/wp-content\/uploads\/2022\/10\/photo_2022-10-05_10-18-43.jpg 1280w, https:\/\/archive.sana.sy\/es\/wp-content\/uploads\/2022\/10\/photo_2022-10-05_10-18-43-300x193.jpg 300w, https:\/\/archive.sana.sy\/es\/wp-content\/uploads\/2022\/10\/photo_2022-10-05_10-18-43-1024x660.jpg 1024w, https:\/\/archive.sana.sy\/es\/wp-content\/uploads\/2022\/10\/photo_2022-10-05_10-18-43-150x97.jpg 150w, https:\/\/archive.sana.sy\/es\/wp-content\/uploads\/2022\/10\/photo_2022-10-05_10-18-43-768x495.jpg 768w\" sizes=\"(max-width: 1280px) 100vw, 1280px\" \/><\/a>\n\t\t\t<\/div><\/figure><figure class='gallery-item'>\n\t\t\t<div class='gallery-icon landscape'>\n\t\t\t\t<a href='https:\/\/archive.sana.sy\/es\/wp-content\/uploads\/2022\/10\/photo_2022-10-05_10-18-42.jpg'><img loading=\"lazy\" decoding=\"async\" width=\"1280\" height=\"829\" src=\"https:\/\/archive.sana.sy\/es\/wp-content\/uploads\/2022\/10\/photo_2022-10-05_10-18-42.jpg\" class=\"attachment-full size-full\" alt=\"\" srcset=\"https:\/\/archive.sana.sy\/es\/wp-content\/uploads\/2022\/10\/photo_2022-10-05_10-18-42.jpg 1280w, https:\/\/archive.sana.sy\/es\/wp-content\/uploads\/2022\/10\/photo_2022-10-05_10-18-42-300x194.jpg 300w, https:\/\/archive.sana.sy\/es\/wp-content\/uploads\/2022\/10\/photo_2022-10-05_10-18-42-1024x663.jpg 1024w, https:\/\/archive.sana.sy\/es\/wp-content\/uploads\/2022\/10\/photo_2022-10-05_10-18-42-150x97.jpg 150w, https:\/\/archive.sana.sy\/es\/wp-content\/uploads\/2022\/10\/photo_2022-10-05_10-18-42-768x497.jpg 768w\" sizes=\"(max-width: 1280px) 100vw, 1280px\" \/><\/a>\n\t\t\t<\/div><\/figure>\n\t\t<\/div>\n\n","protected":false},"excerpt":{"rendered":"<p>Damasco, 05 oct (SANA)\u00a0 Un acto de solidaridad en apoyo a los presos y detenidos en huelga de hambre en las prisiones de ocupaci\u00f3n israel\u00ed se organiz\u00f3 hoy frente a la misi\u00f3n de la Cruz Roja Internacional en la capital Damasco. Durante el acto, la misi\u00f3n del Comit\u00e9 Internacional de la Cruz Roja recibi\u00f3 un &hellip;<\/p>\n","protected":false},"author":32,"featured_media":255816,"comment_status":"closed","ping_status":"closed","sticky":false,"template":"","format":"standard","meta":{"footnotes":""},"categories":[477,447,597,20724,476,583],"tags":[],"class_list":["post-255785","post","type-post","status-publish","format-standard","has-post-thumbnail","","category-noticias-edulcorantes","category-local-politica","category-cinta-de-noticias","category-minuto-a-minuto","category-locales","category-slide"],"_links":{"self":[{"href":"https:\/\/archive.sana.sy\/es\/index.php?rest_route=\/wp\/v2\/posts\/255785"}],"collection":[{"href":"https:\/\/archive.sana.sy\/es\/index.php?rest_route=\/wp\/v2\/posts"}],"about":[{"href":"https:\/\/archive.sana.sy\/es\/index.php?rest_route=\/wp\/v2\/types\/post"}],"author":[{"embeddable":true,"href":"https:\/\/archive.sana.sy\/es\/index.php?rest_route=\/wp\/v2\/users\/32"}],"replies":[{"embeddable":true,"href":"https:\/\/archive.sana.sy\/es\/index.php?rest_route=%2Fwp%2Fv2%2Fcomments&post=255785"}],"version-history":[{"count":0,"href":"https:\/\/archive.sana.sy\/es\/index.php?rest_route=\/wp\/v2\/posts\/255785\/revisions"}],"wp:featuredmedia":[{"embeddable":true,"href":"https:\/\/archive.sana.sy\/es\/index.php?rest_route=\/wp\/v2\/media\/255816"}],"wp:attachment":[{"href":"https:\/\/archive.sana.sy\/es\/index.php?rest_route=%2Fwp%2Fv2%2Fmedia&parent=255785"}],"wp:term":[{"taxonomy":"category","embeddable":true,"href":"https:\/\/archive.sana.sy\/es\/index.php?rest_route=%2Fwp%2Fv2%2Fcategories&post=255785"},{"taxonomy":"post_tag","embeddable":true,"href":"https:\/\/archive.sana.sy\/es\/index.php?rest_route=%2Fwp%2Fv2%2Ftags&post=255785"}],"curies":[{"name":"wp","href":"https:\/\/api.w.org\/{rel}","templated":true}]}}