{"id":255823,"date":"2022-10-05T17:21:29","date_gmt":"2022-10-05T14:21:29","guid":{"rendered":"http:\/\/107.6.182.27\/es\/?p=255823"},"modified":"2022-10-05T17:21:29","modified_gmt":"2022-10-05T14:21:29","slug":"el-presidente-bashar-al-assad-acepta-las-cartas-credenciales-de-los-nuevos-embajadores-extraordinarios-y-plenipotenciarios-de-la-republica-federal-de-brasil-y-de-la-republica-bolivariana-de-venezuela","status":"publish","type":"post","link":"https:\/\/archive.sana.sy\/es\/?p=255823","title":{"rendered":"El presidente Bashar al-Assad, acepta las cartas credenciales de los nuevos embajadores Extraordinarios y Plenipotenciarios de la Rep\u00fablica Federal de Brasil y de la Rep\u00fablica Bolivariana de Venezuela ante la Rep\u00fablica \u00c1rabe Siria."},"content":{"rendered":"","protected":false},"excerpt":{"rendered":"","protected":false},"author":24,"featured_media":0,"comment_status":"closed","ping_status":"closed","sticky":false,"template":"","format":"standard","meta":{"footnotes":""},"categories":[20724],"tags":[],"class_list":["post-255823","post","type-post","status-publish","format-standard","","category-minuto-a-minuto"],"_links":{"self":[{"href":"https:\/\/archive.sana.sy\/es\/index.php?rest_route=\/wp\/v2\/posts\/255823"}],"collection":[{"href":"https:\/\/archive.sana.sy\/es\/index.php?rest_route=\/wp\/v2\/posts"}],"about":[{"href":"https:\/\/archive.sana.sy\/es\/index.php?rest_route=\/wp\/v2\/types\/post"}],"author":[{"embeddable":true,"href":"https:\/\/archive.sana.sy\/es\/index.php?rest_route=\/wp\/v2\/users\/24"}],"replies":[{"embeddable":true,"href":"https:\/\/archive.sana.sy\/es\/index.php?rest_route=%2Fwp%2Fv2%2Fcomments&post=255823"}],"version-history":[{"count":0,"href":"https:\/\/archive.sana.sy\/es\/index.php?rest_route=\/wp\/v2\/posts\/255823\/revisions"}],"wp:attachment":[{"href":"https:\/\/archive.sana.sy\/es\/index.php?rest_route=%2Fwp%2Fv2%2Fmedia&parent=255823"}],"wp:term":[{"taxonomy":"category","embeddable":true,"href":"https:\/\/archive.sana.sy\/es\/index.php?rest_route=%2Fwp%2Fv2%2Fcategories&post=255823"},{"taxonomy":"post_tag","embeddable":true,"href":"https:\/\/archive.sana.sy\/es\/index.php?rest_route=%2Fwp%2Fv2%2Ftags&post=255823"}],"curies":[{"name":"wp","href":"https:\/\/api.w.org\/{rel}","templated":true}]}}