{"id":255843,"date":"2022-10-05T19:21:43","date_gmt":"2022-10-05T16:21:43","guid":{"rendered":"http:\/\/107.6.182.27\/es\/?p=255843"},"modified":"2023-01-10T14:02:42","modified_gmt":"2023-01-10T12:02:42","slug":"al-jaafari-es-el-nuevo-embajador-de-siria-ante-la-federacion-rusa","status":"publish","type":"post","link":"https:\/\/archive.sana.sy\/es\/?p=255843","title":{"rendered":"Al-Jaafari es el nuevo embajador de Siria ante la Federaci\u00f3n Rusa"},"content":{"rendered":"<p style=\"text-align: justify\"><span style=\"color: #800000\"><strong>Damasco, 05 oct (SANA)<\/strong> <\/span>El Dr. Bashar al-Jaafari prest\u00f3 juramento hoy ante el presidente Bashar al-Assad como nuevo embajador de la Rep\u00fablica \u00c1rabe Siria ante la Federaci\u00f3n Rusa.<\/p>\n<p style=\"text-align: justify\">Acto seguido, el presidente al-Assad recibi\u00f3 al embajador al-Jaafari, le dio sus instrucciones, dese\u00e1ndole todo \u00e9xito en sus futuras funciones.<\/p>\n<p style=\"text-align: justify\">Es de se\u00f1alar que al-Jaafari fungi\u00f3 como embajador de Siria ante las Naciones Unidas en Nueva York entre 2006 y 2020 , as\u00ed como desempe\u00f1\u00f3 el cargo de viceministro de Relaciones Exteriores y Expatriados en el periodo 2022- 2022.<\/p>\n<p>la<\/p>\n","protected":false},"excerpt":{"rendered":"<p>Damasco, 05 oct (SANA) El Dr. Bashar al-Jaafari prest\u00f3 juramento hoy ante el presidente Bashar al-Assad como nuevo embajador de la Rep\u00fablica \u00c1rabe Siria ante la Federaci\u00f3n Rusa. Acto seguido, el presidente al-Assad recibi\u00f3 al embajador al-Jaafari, le dio sus instrucciones, dese\u00e1ndole todo \u00e9xito en sus futuras funciones. Es de se\u00f1alar que al-Jaafari fungi\u00f3 como &hellip;<\/p>\n","protected":false},"author":24,"featured_media":255844,"comment_status":"closed","ping_status":"closed","sticky":false,"template":"","format":"standard","meta":{"footnotes":""},"categories":[447,597,20724,16237,583,626],"tags":[],"class_list":["post-255843","post","type-post","status-publish","format-standard","has-post-thumbnail","","category-local-politica","category-cinta-de-noticias","category-minuto-a-minuto","category-presidence-de-la-republique-arabe-syria","category-slide","category-sr-presidente"],"_links":{"self":[{"href":"https:\/\/archive.sana.sy\/es\/index.php?rest_route=\/wp\/v2\/posts\/255843"}],"collection":[{"href":"https:\/\/archive.sana.sy\/es\/index.php?rest_route=\/wp\/v2\/posts"}],"about":[{"href":"https:\/\/archive.sana.sy\/es\/index.php?rest_route=\/wp\/v2\/types\/post"}],"author":[{"embeddable":true,"href":"https:\/\/archive.sana.sy\/es\/index.php?rest_route=\/wp\/v2\/users\/24"}],"replies":[{"embeddable":true,"href":"https:\/\/archive.sana.sy\/es\/index.php?rest_route=%2Fwp%2Fv2%2Fcomments&post=255843"}],"version-history":[{"count":0,"href":"https:\/\/archive.sana.sy\/es\/index.php?rest_route=\/wp\/v2\/posts\/255843\/revisions"}],"wp:featuredmedia":[{"embeddable":true,"href":"https:\/\/archive.sana.sy\/es\/index.php?rest_route=\/wp\/v2\/media\/255844"}],"wp:attachment":[{"href":"https:\/\/archive.sana.sy\/es\/index.php?rest_route=%2Fwp%2Fv2%2Fmedia&parent=255843"}],"wp:term":[{"taxonomy":"category","embeddable":true,"href":"https:\/\/archive.sana.sy\/es\/index.php?rest_route=%2Fwp%2Fv2%2Fcategories&post=255843"},{"taxonomy":"post_tag","embeddable":true,"href":"https:\/\/archive.sana.sy\/es\/index.php?rest_route=%2Fwp%2Fv2%2Ftags&post=255843"}],"curies":[{"name":"wp","href":"https:\/\/api.w.org\/{rel}","templated":true}]}}