{"id":255893,"date":"2022-10-06T09:06:12","date_gmt":"2022-10-06T06:06:12","guid":{"rendered":"http:\/\/107.6.182.27\/es\/?p=255893"},"modified":"2023-01-10T15:52:08","modified_gmt":"2023-01-10T13:52:08","slug":"moscu-las-nuevas-sanciones-contra-pyongyang-no-llevaran-a-ningun-resultado","status":"publish","type":"post","link":"https:\/\/archive.sana.sy\/es\/?p=255893","title":{"rendered":"Mosc\u00fa: las nuevas sanciones contra Pyongyang no llevar\u00e1n a ning\u00fan resultado"},"content":{"rendered":"<p style=\"text-align: justify;\">\u00a0<span style=\"color: #800000;\"><strong>Washington, 6 oct (SANA)<\/strong> <\/span>La representante adjunta de Rusia ante las Naciones Unidas, Anna Evstegneva, dijo que su pa\u00eds considera que imponer nuevas sanciones a la Rep\u00fablica Popular Democr\u00e1tica de Corea es un callej\u00f3n sin salida.<\/p>\n<p style=\"text-align: justify;\">En una reuni\u00f3n del Consejo de Seguridad dedicada a debatir las nuevas pruebas de misiles de Pyongyang, Evstegneva dijo que &#8220;imponer nuevas sanciones a la RPDC es un callej\u00f3n sin salida y una medida que no conduce a ning\u00fan resultado, y que la declaraci\u00f3n de EE.UU. sobre el despliegue de fuerzas para disuadir a Pyongyang es irresponsable.<\/p>\n<p style=\"text-align: justify;\">fm\/ed<\/p>\n","protected":false},"excerpt":{"rendered":"<p>\u00a0Washington, 6 oct (SANA) La representante adjunta de Rusia ante las Naciones Unidas, Anna Evstegneva, dijo que su pa\u00eds considera que imponer nuevas sanciones a la Rep\u00fablica Popular Democr\u00e1tica de Corea es un callej\u00f3n sin salida. En una reuni\u00f3n del Consejo de Seguridad dedicada a debatir las nuevas pruebas de misiles de Pyongyang, Evstegneva dijo &hellip;<\/p>\n","protected":false},"author":32,"featured_media":255894,"comment_status":"closed","ping_status":"closed","sticky":false,"template":"","format":"standard","meta":{"footnotes":""},"categories":[597,456,20724,7541],"tags":[],"class_list":["post-255893","post","type-post","status-publish","format-standard","has-post-thumbnail","","category-cinta-de-noticias","category-arabe-internacional-politica","category-minuto-a-minuto","category-ultimas-noticias"],"_links":{"self":[{"href":"https:\/\/archive.sana.sy\/es\/index.php?rest_route=\/wp\/v2\/posts\/255893"}],"collection":[{"href":"https:\/\/archive.sana.sy\/es\/index.php?rest_route=\/wp\/v2\/posts"}],"about":[{"href":"https:\/\/archive.sana.sy\/es\/index.php?rest_route=\/wp\/v2\/types\/post"}],"author":[{"embeddable":true,"href":"https:\/\/archive.sana.sy\/es\/index.php?rest_route=\/wp\/v2\/users\/32"}],"replies":[{"embeddable":true,"href":"https:\/\/archive.sana.sy\/es\/index.php?rest_route=%2Fwp%2Fv2%2Fcomments&post=255893"}],"version-history":[{"count":0,"href":"https:\/\/archive.sana.sy\/es\/index.php?rest_route=\/wp\/v2\/posts\/255893\/revisions"}],"wp:featuredmedia":[{"embeddable":true,"href":"https:\/\/archive.sana.sy\/es\/index.php?rest_route=\/wp\/v2\/media\/255894"}],"wp:attachment":[{"href":"https:\/\/archive.sana.sy\/es\/index.php?rest_route=%2Fwp%2Fv2%2Fmedia&parent=255893"}],"wp:term":[{"taxonomy":"category","embeddable":true,"href":"https:\/\/archive.sana.sy\/es\/index.php?rest_route=%2Fwp%2Fv2%2Fcategories&post=255893"},{"taxonomy":"post_tag","embeddable":true,"href":"https:\/\/archive.sana.sy\/es\/index.php?rest_route=%2Fwp%2Fv2%2Ftags&post=255893"}],"curies":[{"name":"wp","href":"https:\/\/api.w.org\/{rel}","templated":true}]}}