{"id":255896,"date":"2022-10-06T09:09:00","date_gmt":"2022-10-06T06:09:00","guid":{"rendered":"http:\/\/107.6.182.27\/es\/?p=255896"},"modified":"2023-01-10T15:52:08","modified_gmt":"2023-01-10T13:52:08","slug":"alemania-se-queja-de-los-precios-super-altos-del-gas-estadounidense","status":"publish","type":"post","link":"https:\/\/archive.sana.sy\/es\/?p=255896","title":{"rendered":"Alemania se queja de los precios super altos del gas estadounidense"},"content":{"rendered":"<p style=\"text-align: justify;\"><strong><span style=\"color: #800000;\">Berl\u00edn, 6 oct (SANA)<\/span>\u00a0<\/strong> El ministro de Econom\u00eda alem\u00e1n, Robert Habeck, dijo hoy que algunos exportadores &#8220;amigos&#8221; de gas obtienen ganancias con la situaci\u00f3n energ\u00e9tica en Europa.<\/p>\n<p style=\"text-align: justify;\">&#8220;Algunos pa\u00edses, incluidos los amigos, a veces establecen precios astron\u00f3micos de gas. Por supuesto, esto trae aparejado problemas de los que tenemos que hablar&#8221;, sostuvo Habeck, citado por RT.<\/p>\n<p style=\"text-align: justify;\">Agreg\u00f3 que &#8220;EE.UU. nos contact\u00f3 cuando el precio del petr\u00f3leo se dispar\u00f3 y, en consecuencia, las reservas nacionales de petr\u00f3leo en Europa se agotaron&#8221;<\/p>\n<p style=\"text-align: justify;\">fm\/ed<\/p>\n","protected":false},"excerpt":{"rendered":"<p>Berl\u00edn, 6 oct (SANA)\u00a0 El ministro de Econom\u00eda alem\u00e1n, Robert Habeck, dijo hoy que algunos exportadores &#8220;amigos&#8221; de gas obtienen ganancias con la situaci\u00f3n energ\u00e9tica en Europa. &#8220;Algunos pa\u00edses, incluidos los amigos, a veces establecen precios astron\u00f3micos de gas. Por supuesto, esto trae aparejado problemas de los que tenemos que hablar&#8221;, sostuvo Habeck, citado por &hellip;<\/p>\n","protected":false},"author":32,"featured_media":255897,"comment_status":"closed","ping_status":"closed","sticky":false,"template":"","format":"standard","meta":{"footnotes":""},"categories":[597,456,20724,7541],"tags":[21128],"class_list":["post-255896","post","type-post","status-publish","format-standard","has-post-thumbnail","","category-cinta-de-noticias","category-arabe-internacional-politica","category-minuto-a-minuto","category-ultimas-noticias","tag-berlin"],"_links":{"self":[{"href":"https:\/\/archive.sana.sy\/es\/index.php?rest_route=\/wp\/v2\/posts\/255896"}],"collection":[{"href":"https:\/\/archive.sana.sy\/es\/index.php?rest_route=\/wp\/v2\/posts"}],"about":[{"href":"https:\/\/archive.sana.sy\/es\/index.php?rest_route=\/wp\/v2\/types\/post"}],"author":[{"embeddable":true,"href":"https:\/\/archive.sana.sy\/es\/index.php?rest_route=\/wp\/v2\/users\/32"}],"replies":[{"embeddable":true,"href":"https:\/\/archive.sana.sy\/es\/index.php?rest_route=%2Fwp%2Fv2%2Fcomments&post=255896"}],"version-history":[{"count":0,"href":"https:\/\/archive.sana.sy\/es\/index.php?rest_route=\/wp\/v2\/posts\/255896\/revisions"}],"wp:featuredmedia":[{"embeddable":true,"href":"https:\/\/archive.sana.sy\/es\/index.php?rest_route=\/wp\/v2\/media\/255897"}],"wp:attachment":[{"href":"https:\/\/archive.sana.sy\/es\/index.php?rest_route=%2Fwp%2Fv2%2Fmedia&parent=255896"}],"wp:term":[{"taxonomy":"category","embeddable":true,"href":"https:\/\/archive.sana.sy\/es\/index.php?rest_route=%2Fwp%2Fv2%2Fcategories&post=255896"},{"taxonomy":"post_tag","embeddable":true,"href":"https:\/\/archive.sana.sy\/es\/index.php?rest_route=%2Fwp%2Fv2%2Ftags&post=255896"}],"curies":[{"name":"wp","href":"https:\/\/api.w.org\/{rel}","templated":true}]}}