{"id":255954,"date":"2022-10-06T14:30:57","date_gmt":"2022-10-06T11:30:57","guid":{"rendered":"http:\/\/107.6.182.27\/es\/?p=255954"},"modified":"2022-10-06T14:30:57","modified_gmt":"2022-10-06T11:30:57","slug":"exposicion-de-artistas-plasticos-sirios-en-moscu","status":"publish","type":"post","link":"https:\/\/archive.sana.sy\/es\/?p=255954","title":{"rendered":"Exposici\u00f3n de artistas pl\u00e1sticos sirios en Mosc\u00fa"},"content":{"rendered":"<p><span style=\"color: #800000;\"><strong>Mosc\u00fa, 10 oct (SANA)<\/strong><\/span><\/p>\n<p><iframe loading=\"lazy\" title=\"Exposici\u00f3n de artistas pl\u00e1sticos sirios en Mosc\u00fa\" src=\"https:\/\/www.youtube.com\/embed\/8L-6MG-iEqk\" width=\"800\" height=\"400\" frameborder=\"0\" allowfullscreen=\"allowfullscreen\"><span data-mce-type=\"bookmark\" style=\"display: inline-block; width: 0px; overflow: hidden; line-height: 0;\" class=\"mce_SELRES_start\">\ufeff<\/span><\/iframe><\/p>\n","protected":false},"excerpt":{"rendered":"<p>Mosc\u00fa, 10 oct (SANA) \ufeff<\/p>\n","protected":false},"author":32,"featured_media":255955,"comment_status":"closed","ping_status":"closed","sticky":false,"template":"","format":"standard","meta":{"footnotes":""},"categories":[624],"tags":[],"class_list":["post-255954","post","type-post","status-publish","format-standard","has-post-thumbnail","","category-video-sana"],"_links":{"self":[{"href":"https:\/\/archive.sana.sy\/es\/index.php?rest_route=\/wp\/v2\/posts\/255954"}],"collection":[{"href":"https:\/\/archive.sana.sy\/es\/index.php?rest_route=\/wp\/v2\/posts"}],"about":[{"href":"https:\/\/archive.sana.sy\/es\/index.php?rest_route=\/wp\/v2\/types\/post"}],"author":[{"embeddable":true,"href":"https:\/\/archive.sana.sy\/es\/index.php?rest_route=\/wp\/v2\/users\/32"}],"replies":[{"embeddable":true,"href":"https:\/\/archive.sana.sy\/es\/index.php?rest_route=%2Fwp%2Fv2%2Fcomments&post=255954"}],"version-history":[{"count":0,"href":"https:\/\/archive.sana.sy\/es\/index.php?rest_route=\/wp\/v2\/posts\/255954\/revisions"}],"wp:featuredmedia":[{"embeddable":true,"href":"https:\/\/archive.sana.sy\/es\/index.php?rest_route=\/wp\/v2\/media\/255955"}],"wp:attachment":[{"href":"https:\/\/archive.sana.sy\/es\/index.php?rest_route=%2Fwp%2Fv2%2Fmedia&parent=255954"}],"wp:term":[{"taxonomy":"category","embeddable":true,"href":"https:\/\/archive.sana.sy\/es\/index.php?rest_route=%2Fwp%2Fv2%2Fcategories&post=255954"},{"taxonomy":"post_tag","embeddable":true,"href":"https:\/\/archive.sana.sy\/es\/index.php?rest_route=%2Fwp%2Fv2%2Ftags&post=255954"}],"curies":[{"name":"wp","href":"https:\/\/api.w.org\/{rel}","templated":true}]}}