{"id":256017,"date":"2022-10-06T17:46:00","date_gmt":"2022-10-06T14:46:00","guid":{"rendered":"http:\/\/107.6.182.27\/es\/?p=256017"},"modified":"2022-10-06T17:52:58","modified_gmt":"2022-10-06T14:52:58","slug":"fuerzas-armadas-de-siria-conmemoran-49-aniversario-de-la-guerra-de-liberacion-de-octubre-fotos","status":"publish","type":"post","link":"https:\/\/archive.sana.sy\/es\/?p=256017","title":{"rendered":"Fuerzas Armadas de Siria conmemoran 49 aniversario de la Guerra de Liberaci\u00f3n de Octubre (+ fotos)"},"content":{"rendered":"<p style=\"text-align: justify;\"><span style=\"color: #800000;\"><strong>Damasco, 06 oct (SANA)<\/strong> <\/span>Las formaciones de las Fuerzas Armadas de Siria conmemoraron hoy el cuadrag\u00e9simo noveno aniversario de la Guerra de Liberaci\u00f3n de Octubre, que qued\u00f3 grabada como victoria inmortal en la historia de Siria y la naci\u00f3n \u00e1rabe.<\/p>\n<p style=\"text-align: justify;\">Los comandantes de las formaciones militares pronunciaron discursos en los que destacaron la importancia de esta victoria sobre el enemigo israel\u00ed.<\/p>\n<p style=\"text-align: justify;\">\u201cUn ej\u00e9rcito que logr\u00f3 la victoria el 6 de octubre de 1973 es capaz con su determinaci\u00f3n de lograr m\u00e1s victorias en todo momento\u201d, aseguraron.<\/p>\n<p style=\"text-align: justify;\">Asimismo, se realizaron con esta ocasi\u00f3n desfiles militares en las diferentes unidades, mientras los comandantes de las regiones militares visitaron los cementerios de los m\u00e1rtires donde depositaron ofrendas florales en los monumentos de los soldados desconocidos.<\/p>\n<div id='gallery-1' class='gallery galleryid-256017 gallery-columns-1 gallery-size-full'><figure class='gallery-item'>\n\t\t\t<div class='gallery-icon landscape'>\n\t\t\t\t<a href='https:\/\/archive.sana.sy\/es\/?attachment_id=256024'><img loading=\"lazy\" decoding=\"async\" width=\"660\" height=\"440\" src=\"https:\/\/archive.sana.sy\/es\/wp-content\/uploads\/2022\/10\/DSC_0090-3.jpg\" class=\"attachment-full size-full\" alt=\"\" srcset=\"https:\/\/archive.sana.sy\/es\/wp-content\/uploads\/2022\/10\/DSC_0090-3.jpg 660w, https:\/\/archive.sana.sy\/es\/wp-content\/uploads\/2022\/10\/DSC_0090-3-300x200.jpg 300w, https:\/\/archive.sana.sy\/es\/wp-content\/uploads\/2022\/10\/DSC_0090-3-150x100.jpg 150w\" sizes=\"(max-width: 660px) 100vw, 660px\" \/><\/a>\n\t\t\t<\/div><\/figure><figure class='gallery-item'>\n\t\t\t<div class='gallery-icon landscape'>\n\t\t\t\t<a href='https:\/\/archive.sana.sy\/es\/?attachment_id=256020'><img loading=\"lazy\" decoding=\"async\" width=\"660\" height=\"438\" src=\"https:\/\/archive.sana.sy\/es\/wp-content\/uploads\/2022\/10\/photo_2022-10-06_14-50-25-1.jpg\" class=\"attachment-full size-full\" alt=\"\" srcset=\"https:\/\/archive.sana.sy\/es\/wp-content\/uploads\/2022\/10\/photo_2022-10-06_14-50-25-1.jpg 660w, https:\/\/archive.sana.sy\/es\/wp-content\/uploads\/2022\/10\/photo_2022-10-06_14-50-25-1-300x199.jpg 300w, https:\/\/archive.sana.sy\/es\/wp-content\/uploads\/2022\/10\/photo_2022-10-06_14-50-25-1-150x100.jpg 150w, https:\/\/archive.sana.sy\/es\/wp-content\/uploads\/2022\/10\/photo_2022-10-06_14-50-25-1-310x205.jpg 310w\" sizes=\"(max-width: 660px) 100vw, 660px\" \/><\/a>\n\t\t\t<\/div><\/figure><figure class='gallery-item'>\n\t\t\t<div class='gallery-icon landscape'>\n\t\t\t\t<a href='https:\/\/archive.sana.sy\/es\/?attachment_id=256022'><img loading=\"lazy\" decoding=\"async\" width=\"660\" height=\"438\" src=\"https:\/\/archive.sana.sy\/es\/wp-content\/uploads\/2022\/10\/photo_2022-10-06_14-50-27-2.jpg\" class=\"attachment-full size-full\" alt=\"\" srcset=\"https:\/\/archive.sana.sy\/es\/wp-content\/uploads\/2022\/10\/photo_2022-10-06_14-50-27-2.jpg 660w, https:\/\/archive.sana.sy\/es\/wp-content\/uploads\/2022\/10\/photo_2022-10-06_14-50-27-2-300x199.jpg 300w, https:\/\/archive.sana.sy\/es\/wp-content\/uploads\/2022\/10\/photo_2022-10-06_14-50-27-2-150x100.jpg 150w, https:\/\/archive.sana.sy\/es\/wp-content\/uploads\/2022\/10\/photo_2022-10-06_14-50-27-2-310x205.jpg 310w\" sizes=\"(max-width: 660px) 100vw, 660px\" \/><\/a>\n\t\t\t<\/div><\/figure><figure class='gallery-item'>\n\t\t\t<div class='gallery-icon landscape'>\n\t\t\t\t<a href='https:\/\/archive.sana.sy\/es\/?attachment_id=256021'><img loading=\"lazy\" decoding=\"async\" width=\"660\" height=\"438\" src=\"https:\/\/archive.sana.sy\/es\/wp-content\/uploads\/2022\/10\/photo_2022-10-06_14-50-27.jpg\" class=\"attachment-full size-full\" alt=\"\" srcset=\"https:\/\/archive.sana.sy\/es\/wp-content\/uploads\/2022\/10\/photo_2022-10-06_14-50-27.jpg 660w, https:\/\/archive.sana.sy\/es\/wp-content\/uploads\/2022\/10\/photo_2022-10-06_14-50-27-300x199.jpg 300w, https:\/\/archive.sana.sy\/es\/wp-content\/uploads\/2022\/10\/photo_2022-10-06_14-50-27-150x100.jpg 150w, https:\/\/archive.sana.sy\/es\/wp-content\/uploads\/2022\/10\/photo_2022-10-06_14-50-27-310x205.jpg 310w\" sizes=\"(max-width: 660px) 100vw, 660px\" \/><\/a>\n\t\t\t<\/div><\/figure><figure class='gallery-item'>\n\t\t\t<div class='gallery-icon landscape'>\n\t\t\t\t<a href='https:\/\/archive.sana.sy\/es\/?attachment_id=256019'><img loading=\"lazy\" decoding=\"async\" width=\"660\" height=\"370\" src=\"https:\/\/archive.sana.sy\/es\/wp-content\/uploads\/2022\/10\/999-7.jpg\" class=\"attachment-full size-full\" alt=\"\" srcset=\"https:\/\/archive.sana.sy\/es\/wp-content\/uploads\/2022\/10\/999-7.jpg 660w, https:\/\/archive.sana.sy\/es\/wp-content\/uploads\/2022\/10\/999-7-300x168.jpg 300w, https:\/\/archive.sana.sy\/es\/wp-content\/uploads\/2022\/10\/999-7-150x84.jpg 150w\" sizes=\"(max-width: 660px) 100vw, 660px\" \/><\/a>\n\t\t\t<\/div><\/figure><figure class='gallery-item'>\n\t\t\t<div class='gallery-icon landscape'>\n\t\t\t\t<a href='https:\/\/archive.sana.sy\/es\/?attachment_id=256023'><img loading=\"lazy\" decoding=\"async\" width=\"660\" height=\"459\" src=\"https:\/\/archive.sana.sy\/es\/wp-content\/uploads\/2022\/10\/photo_2022-10-06_14-50-28.jpg\" class=\"attachment-full size-full\" alt=\"\" srcset=\"https:\/\/archive.sana.sy\/es\/wp-content\/uploads\/2022\/10\/photo_2022-10-06_14-50-28.jpg 660w, https:\/\/archive.sana.sy\/es\/wp-content\/uploads\/2022\/10\/photo_2022-10-06_14-50-28-300x209.jpg 300w, https:\/\/archive.sana.sy\/es\/wp-content\/uploads\/2022\/10\/photo_2022-10-06_14-50-28-150x104.jpg 150w\" sizes=\"(max-width: 660px) 100vw, 660px\" \/><\/a>\n\t\t\t<\/div><\/figure>\n\t\t<\/div>\n\n<p>fm\/sm<\/p>\n","protected":false},"excerpt":{"rendered":"<p>Damasco, 06 oct (SANA) Las formaciones de las Fuerzas Armadas de Siria conmemoraron hoy el cuadrag\u00e9simo noveno aniversario de la Guerra de Liberaci\u00f3n de Octubre, que qued\u00f3 grabada como victoria inmortal en la historia de Siria y la naci\u00f3n \u00e1rabe. Los comandantes de las formaciones militares pronunciaron discursos en los que destacaron la importancia de &hellip;<\/p>\n","protected":false},"author":39,"featured_media":256028,"comment_status":"closed","ping_status":"closed","sticky":false,"template":"","format":"standard","meta":{"footnotes":""},"categories":[597,476,583],"tags":[21138],"class_list":["post-256017","post","type-post","status-publish","format-standard","has-post-thumbnail","","category-cinta-de-noticias","category-locales","category-slide","tag-fuerzas-armadas-de-siria-conmemoran-49-aniversario-de-la-guerra-de-liberacion-de-octubre-fotos"],"_links":{"self":[{"href":"https:\/\/archive.sana.sy\/es\/index.php?rest_route=\/wp\/v2\/posts\/256017"}],"collection":[{"href":"https:\/\/archive.sana.sy\/es\/index.php?rest_route=\/wp\/v2\/posts"}],"about":[{"href":"https:\/\/archive.sana.sy\/es\/index.php?rest_route=\/wp\/v2\/types\/post"}],"author":[{"embeddable":true,"href":"https:\/\/archive.sana.sy\/es\/index.php?rest_route=\/wp\/v2\/users\/39"}],"replies":[{"embeddable":true,"href":"https:\/\/archive.sana.sy\/es\/index.php?rest_route=%2Fwp%2Fv2%2Fcomments&post=256017"}],"version-history":[{"count":0,"href":"https:\/\/archive.sana.sy\/es\/index.php?rest_route=\/wp\/v2\/posts\/256017\/revisions"}],"wp:featuredmedia":[{"embeddable":true,"href":"https:\/\/archive.sana.sy\/es\/index.php?rest_route=\/wp\/v2\/media\/256028"}],"wp:attachment":[{"href":"https:\/\/archive.sana.sy\/es\/index.php?rest_route=%2Fwp%2Fv2%2Fmedia&parent=256017"}],"wp:term":[{"taxonomy":"category","embeddable":true,"href":"https:\/\/archive.sana.sy\/es\/index.php?rest_route=%2Fwp%2Fv2%2Fcategories&post=256017"},{"taxonomy":"post_tag","embeddable":true,"href":"https:\/\/archive.sana.sy\/es\/index.php?rest_route=%2Fwp%2Fv2%2Ftags&post=256017"}],"curies":[{"name":"wp","href":"https:\/\/api.w.org\/{rel}","templated":true}]}}