{"id":25604,"date":"2015-06-25T18:08:49","date_gmt":"2015-06-25T15:08:49","guid":{"rendered":"http:\/\/sana.sy\/es\/?p=25604"},"modified":"2015-06-25T18:13:23","modified_gmt":"2015-06-25T15:13:23","slug":"jeque-al-naimi-reitera-rechazo-de-las-tribus-sirias-a-la-iniciativa-del-rey-de-jordania","status":"publish","type":"post","link":"https:\/\/archive.sana.sy\/es\/?p=25604","title":{"rendered":"Jeque al-Naimi reitera rechazo de las tribus sirias a la iniciativa del rey de Jordania"},"content":{"rendered":"<p><span style=\"color: #800000\">Damasco, SANA<\/span><\/p>\n<p>El fundador del Foro de las Tribus Sirias y \u00e1rabes, jeque Saleh al-Naimi reiter\u00f3 su rechazo a la iniciativa del rey de Jordania de armar a las tribus sirias.<\/p>\n<p>En una conversaci\u00f3n telef\u00f3nica con la Televisi\u00f3n Siria, el jeque al-Naimi acot\u00f3 que las tribus sirias seguir\u00e1n apoyando al ej\u00e9rcito sirio, desmintiendo noticias difundidas por la red social sobre su aprobaci\u00f3n de esta iniciativa jordana.<\/p>\n<p>\u201cLas tribus sirias torpedear\u00e1n cualquier intento de dividir a Siria\u201d, acot\u00f3 el jeque al-Naimi manifestando su fe en la capacidad del pueblo sirio y su ej\u00e9rcito de vencer a las organizaciones terroristas, sobre todo el Frente de al-Nousra y el EI.<\/p>\n<p>&nbsp;<\/p>\n<p>Lynn A.<\/p>\n","protected":false},"excerpt":{"rendered":"<p>Damasco, SANA El fundador del Foro de las Tribus Sirias y \u00e1rabes, jeque Saleh al-Naimi reiter\u00f3 su rechazo a la iniciativa del rey de Jordania de armar a las tribus sirias. En una conversaci\u00f3n telef\u00f3nica con la Televisi\u00f3n Siria, el jeque al-Naimi acot\u00f3 que las tribus sirias seguir\u00e1n apoyando al ej\u00e9rcito sirio, desmintiendo noticias difundidas &hellip;<\/p>\n","protected":false},"author":24,"featured_media":25295,"comment_status":"closed","ping_status":"closed","sticky":false,"template":"","format":"standard","meta":{"footnotes":""},"categories":[477,476],"tags":[5747],"class_list":["post-25604","post","type-post","status-publish","format-standard","has-post-thumbnail","","category-noticias-edulcorantes","category-locales","tag-jeque-al-naimi-reitera-rechazo-de-las-tribus-sirias-a-la-iniciativa-del-rey-de-jordania"],"_links":{"self":[{"href":"https:\/\/archive.sana.sy\/es\/index.php?rest_route=\/wp\/v2\/posts\/25604"}],"collection":[{"href":"https:\/\/archive.sana.sy\/es\/index.php?rest_route=\/wp\/v2\/posts"}],"about":[{"href":"https:\/\/archive.sana.sy\/es\/index.php?rest_route=\/wp\/v2\/types\/post"}],"author":[{"embeddable":true,"href":"https:\/\/archive.sana.sy\/es\/index.php?rest_route=\/wp\/v2\/users\/24"}],"replies":[{"embeddable":true,"href":"https:\/\/archive.sana.sy\/es\/index.php?rest_route=%2Fwp%2Fv2%2Fcomments&post=25604"}],"version-history":[{"count":0,"href":"https:\/\/archive.sana.sy\/es\/index.php?rest_route=\/wp\/v2\/posts\/25604\/revisions"}],"wp:featuredmedia":[{"embeddable":true,"href":"https:\/\/archive.sana.sy\/es\/index.php?rest_route=\/wp\/v2\/media\/25295"}],"wp:attachment":[{"href":"https:\/\/archive.sana.sy\/es\/index.php?rest_route=%2Fwp%2Fv2%2Fmedia&parent=25604"}],"wp:term":[{"taxonomy":"category","embeddable":true,"href":"https:\/\/archive.sana.sy\/es\/index.php?rest_route=%2Fwp%2Fv2%2Fcategories&post=25604"},{"taxonomy":"post_tag","embeddable":true,"href":"https:\/\/archive.sana.sy\/es\/index.php?rest_route=%2Fwp%2Fv2%2Ftags&post=25604"}],"curies":[{"name":"wp","href":"https:\/\/api.w.org\/{rel}","templated":true}]}}