{"id":256176,"date":"2022-10-07T20:17:35","date_gmt":"2022-10-07T17:17:35","guid":{"rendered":"http:\/\/107.6.182.27\/es\/?p=256176"},"modified":"2023-01-10T15:52:04","modified_gmt":"2023-01-10T13:52:04","slug":"decenas-de-palestinos-heridos-por-ataque-israeli-contra-una-manifestacion","status":"publish","type":"post","link":"https:\/\/archive.sana.sy\/es\/?p=256176","title":{"rendered":"Decenas de palestinos heridos por ataque israel\u00ed contra una manifestaci\u00f3n"},"content":{"rendered":"<p style=\"text-align: justify;\"><span style=\"color: #800000;\"><strong>Jerusal\u00e9n ocupada, 07 oct (SANA)\u00a0 \u00a0<\/strong><\/span>Docenas de palestinos resultaron heridos cuando las fuerzas de ocupaci\u00f3n israel\u00edes reprimieron la manifestaci\u00f3n semanal contra los asentamientos en el poblado de Kafr Qaddum, al este de Qalqilya en Cisjordania.<\/p>\n<p style=\"text-align: justify;\">La agencia palestina de noticias Wafa declar\u00f3 que los soldados del ocupante irrumpieron en el referido poblado, abrieron su fuego contra los palestinos y les lanzaron bombas de gas lacrim\u00f3geno, lo que caus\u00f3 la lesi\u00f3n de 13 palestinos y la asfixia de docenas.<\/p>\n<p style=\"text-align: justify;\">El pueblo de Kafr Qaddoum es testigo de manifestaciones semanales, todos los viernes y s\u00e1bados, contra la ocupaci\u00f3n israel\u00edes, las cuales se han convertido en parte de la vida p\u00fablica de los pobladores, cuyas tierras fueron devoradas por el muro del apartheid y los asentamientos.<\/p>\n<p style=\"text-align: justify;\">sm\/fm<\/p>\n","protected":false},"excerpt":{"rendered":"<p>Jerusal\u00e9n ocupada, 07 oct (SANA)\u00a0 \u00a0Docenas de palestinos resultaron heridos cuando las fuerzas de ocupaci\u00f3n israel\u00edes reprimieron la manifestaci\u00f3n semanal contra los asentamientos en el poblado de Kafr Qaddum, al este de Qalqilya en Cisjordania. La agencia palestina de noticias Wafa declar\u00f3 que los soldados del ocupante irrumpieron en el referido poblado, abrieron su fuego &hellip;<\/p>\n","protected":false},"author":39,"featured_media":256177,"comment_status":"closed","ping_status":"closed","sticky":false,"template":"","format":"standard","meta":{"footnotes":""},"categories":[597,456,20724,7541],"tags":[21144,19979,10624],"class_list":["post-256176","post","type-post","status-publish","format-standard","has-post-thumbnail","","category-cinta-de-noticias","category-arabe-internacional-politica","category-minuto-a-minuto","category-ultimas-noticias","tag-ataque-israeli","tag-manifestacion","tag-palestinos-heridos"],"_links":{"self":[{"href":"https:\/\/archive.sana.sy\/es\/index.php?rest_route=\/wp\/v2\/posts\/256176"}],"collection":[{"href":"https:\/\/archive.sana.sy\/es\/index.php?rest_route=\/wp\/v2\/posts"}],"about":[{"href":"https:\/\/archive.sana.sy\/es\/index.php?rest_route=\/wp\/v2\/types\/post"}],"author":[{"embeddable":true,"href":"https:\/\/archive.sana.sy\/es\/index.php?rest_route=\/wp\/v2\/users\/39"}],"replies":[{"embeddable":true,"href":"https:\/\/archive.sana.sy\/es\/index.php?rest_route=%2Fwp%2Fv2%2Fcomments&post=256176"}],"version-history":[{"count":0,"href":"https:\/\/archive.sana.sy\/es\/index.php?rest_route=\/wp\/v2\/posts\/256176\/revisions"}],"wp:featuredmedia":[{"embeddable":true,"href":"https:\/\/archive.sana.sy\/es\/index.php?rest_route=\/wp\/v2\/media\/256177"}],"wp:attachment":[{"href":"https:\/\/archive.sana.sy\/es\/index.php?rest_route=%2Fwp%2Fv2%2Fmedia&parent=256176"}],"wp:term":[{"taxonomy":"category","embeddable":true,"href":"https:\/\/archive.sana.sy\/es\/index.php?rest_route=%2Fwp%2Fv2%2Fcategories&post=256176"},{"taxonomy":"post_tag","embeddable":true,"href":"https:\/\/archive.sana.sy\/es\/index.php?rest_route=%2Fwp%2Fv2%2Ftags&post=256176"}],"curies":[{"name":"wp","href":"https:\/\/api.w.org\/{rel}","templated":true}]}}