{"id":25618,"date":"2015-06-25T20:05:52","date_gmt":"2015-06-25T17:05:52","guid":{"rendered":"http:\/\/sana.sy\/es\/?p=25618"},"modified":"2015-06-25T20:05:52","modified_gmt":"2015-06-25T17:05:52","slug":"ministro-del-interior-siria-seguira-luchando-contra-las-drogas-pese-a-la-guerra-terrorista-librada-en-su-contra","status":"publish","type":"post","link":"https:\/\/archive.sana.sy\/es\/?p=25618","title":{"rendered":"Ministro del Interior: Siria seguir\u00e1 luchando contra las drogas pese a la guerra terrorista librada en su contra"},"content":{"rendered":"<p><span style=\"color: #800000\">Damasco, SANA<\/span><\/p>\n<p>El ministro del Interior, general Mohamad al-Shaar enfatiz\u00f3 que la guerra terrorista que enfrenta Siria no doblegar\u00e1 su determinaci\u00f3n de luchar contra la droga, elogiando las heroicidades del ej\u00e9rcito y las fuerzas de seguridad sirias en su batalla contra el terrorismo.<\/p>\n<p>El general al-Shaam hizo estas declaraciones en una palabra pronunciada ante un simposio sostenido por la Comisi\u00f3n Medi\u00e1tica para Asuntos de lucha Antidroga con motivo del D\u00eda Internacional contra el Uso Indebido y el Tr\u00e1fico Il\u00edcito de drogas que cae ma\u00f1ana el 26 de junio.<\/p>\n<p>El titular del Interior llam\u00f3 movilizar esfuerzos para encararse al fen\u00f3meno de \u201cla proliferaci\u00f3n de las drogas cuyos peligros son mayores de los de las guerras y cat\u00e1strofes\u201d sostuvo.<\/p>\n<p>Asimismo acot\u00f3 que Siria no escatimar\u00e1 esfuerzo para luchar contra las drogas ya sea a nivel local o internacional.<\/p>\n<p>De igual manera a\u00f1adi\u00f3 que Siria sigue uno de los pa\u00edses que encabezan los pa\u00edses de tr\u00e1nsito de las sustancias toxicas, sin embargo mantiene baj\u00edsimas \u00a0porcentajes de producci\u00f3n y tr\u00e1fico de drogas seg\u00fan reconocen todas las organizaciones internacionales correspondientes.<\/p>\n<p>En este contexto puso de relieve que precisas y objetivas estad\u00edsticas revelaron que el porcentaje del total de\u00a0los fabricantes, traficantes y drogadictos no supera 98 para cada un mill\u00f3n de personas de la poblaci\u00f3n total.<br \/>\nLynn A.<\/p>\n","protected":false},"excerpt":{"rendered":"<p>Damasco, SANA El ministro del Interior, general Mohamad al-Shaar enfatiz\u00f3 que la guerra terrorista que enfrenta Siria no doblegar\u00e1 su determinaci\u00f3n de luchar contra la droga, elogiando las heroicidades del ej\u00e9rcito y las fuerzas de seguridad sirias en su batalla contra el terrorismo. El general al-Shaam hizo estas declaraciones en una palabra pronunciada ante un &hellip;<\/p>\n","protected":false},"author":24,"featured_media":25619,"comment_status":"closed","ping_status":"closed","sticky":false,"template":"","format":"standard","meta":{"footnotes":""},"categories":[477,476],"tags":[5749],"class_list":["post-25618","post","type-post","status-publish","format-standard","has-post-thumbnail","","category-noticias-edulcorantes","category-locales","tag-ministro-del-interior-siria-seguira-luchando-contra-las-drogas-pese-a-la-guerra-terrorista-librada-en-su-contra"],"_links":{"self":[{"href":"https:\/\/archive.sana.sy\/es\/index.php?rest_route=\/wp\/v2\/posts\/25618"}],"collection":[{"href":"https:\/\/archive.sana.sy\/es\/index.php?rest_route=\/wp\/v2\/posts"}],"about":[{"href":"https:\/\/archive.sana.sy\/es\/index.php?rest_route=\/wp\/v2\/types\/post"}],"author":[{"embeddable":true,"href":"https:\/\/archive.sana.sy\/es\/index.php?rest_route=\/wp\/v2\/users\/24"}],"replies":[{"embeddable":true,"href":"https:\/\/archive.sana.sy\/es\/index.php?rest_route=%2Fwp%2Fv2%2Fcomments&post=25618"}],"version-history":[{"count":0,"href":"https:\/\/archive.sana.sy\/es\/index.php?rest_route=\/wp\/v2\/posts\/25618\/revisions"}],"wp:featuredmedia":[{"embeddable":true,"href":"https:\/\/archive.sana.sy\/es\/index.php?rest_route=\/wp\/v2\/media\/25619"}],"wp:attachment":[{"href":"https:\/\/archive.sana.sy\/es\/index.php?rest_route=%2Fwp%2Fv2%2Fmedia&parent=25618"}],"wp:term":[{"taxonomy":"category","embeddable":true,"href":"https:\/\/archive.sana.sy\/es\/index.php?rest_route=%2Fwp%2Fv2%2Fcategories&post=25618"},{"taxonomy":"post_tag","embeddable":true,"href":"https:\/\/archive.sana.sy\/es\/index.php?rest_route=%2Fwp%2Fv2%2Ftags&post=25618"}],"curies":[{"name":"wp","href":"https:\/\/api.w.org\/{rel}","templated":true}]}}