{"id":256214,"date":"2022-10-07T20:58:05","date_gmt":"2022-10-07T17:58:05","guid":{"rendered":"http:\/\/107.6.182.27\/es\/?p=256214"},"modified":"2022-10-07T20:58:05","modified_gmt":"2022-10-07T17:58:05","slug":"tres-plateadas-para-siria-en-campeonato-abierto-internacional-de-beirut-para-taekwondo","status":"publish","type":"post","link":"https:\/\/archive.sana.sy\/es\/?p=256214","title":{"rendered":"Tres plateadas para Siria en Campeonato Abierto Internacional de Beirut para Taekwondo"},"content":{"rendered":"<p style=\"text-align: justify;\"><span style=\"color: #800000;\"><strong>Beirut, 07 oct (SANA)\u00a0 \u00a0<\/strong><\/span>El equipo sirio juvenil de Taekwondo gan\u00f3 tres medallas de plata en la primera jornada del Campeonato Abierto Internacional celebrada en Beirut, El L\u00edbano.<\/p>\n<p style=\"text-align: justify;\">Las preseas fueron logradas por los Taekwondoistas Jana Sidawy, Noureddin Aliwi y Anas Sukkar.<\/p>\n<p style=\"text-align: justify;\">Es de se\u00f1alar que el Campeonato Abierto Internacional de Beirut est\u00e1 clasificado por la Federaci\u00f3n Mundial de Taekwondo.<\/p>\n<p style=\"text-align: justify;\">rr\/fm<\/p>\n","protected":false},"excerpt":{"rendered":"<p>Beirut, 07 oct (SANA)\u00a0 \u00a0El equipo sirio juvenil de Taekwondo gan\u00f3 tres medallas de plata en la primera jornada del Campeonato Abierto Internacional celebrada en Beirut, El L\u00edbano. Las preseas fueron logradas por los Taekwondoistas Jana Sidawy, Noureddin Aliwi y Anas Sukkar. Es de se\u00f1alar que el Campeonato Abierto Internacional de Beirut est\u00e1 clasificado por &hellip;<\/p>\n","protected":false},"author":31,"featured_media":256215,"comment_status":"closed","ping_status":"closed","sticky":false,"template":"","format":"standard","meta":{"footnotes":""},"categories":[597,494,7541],"tags":[8947,21152,8542,21086,20362,21151],"class_list":["post-256214","post","type-post","status-publish","format-standard","has-post-thumbnail","","category-cinta-de-noticias","category-deportes","category-ultimas-noticias","tag-beirut","tag-campeonato-abierto","tag-libano","tag-medalla","tag-plata","tag-taekwondo"],"_links":{"self":[{"href":"https:\/\/archive.sana.sy\/es\/index.php?rest_route=\/wp\/v2\/posts\/256214"}],"collection":[{"href":"https:\/\/archive.sana.sy\/es\/index.php?rest_route=\/wp\/v2\/posts"}],"about":[{"href":"https:\/\/archive.sana.sy\/es\/index.php?rest_route=\/wp\/v2\/types\/post"}],"author":[{"embeddable":true,"href":"https:\/\/archive.sana.sy\/es\/index.php?rest_route=\/wp\/v2\/users\/31"}],"replies":[{"embeddable":true,"href":"https:\/\/archive.sana.sy\/es\/index.php?rest_route=%2Fwp%2Fv2%2Fcomments&post=256214"}],"version-history":[{"count":0,"href":"https:\/\/archive.sana.sy\/es\/index.php?rest_route=\/wp\/v2\/posts\/256214\/revisions"}],"wp:featuredmedia":[{"embeddable":true,"href":"https:\/\/archive.sana.sy\/es\/index.php?rest_route=\/wp\/v2\/media\/256215"}],"wp:attachment":[{"href":"https:\/\/archive.sana.sy\/es\/index.php?rest_route=%2Fwp%2Fv2%2Fmedia&parent=256214"}],"wp:term":[{"taxonomy":"category","embeddable":true,"href":"https:\/\/archive.sana.sy\/es\/index.php?rest_route=%2Fwp%2Fv2%2Fcategories&post=256214"},{"taxonomy":"post_tag","embeddable":true,"href":"https:\/\/archive.sana.sy\/es\/index.php?rest_route=%2Fwp%2Fv2%2Ftags&post=256214"}],"curies":[{"name":"wp","href":"https:\/\/api.w.org\/{rel}","templated":true}]}}