{"id":256429,"date":"2022-10-09T19:48:07","date_gmt":"2022-10-09T16:48:07","guid":{"rendered":"http:\/\/107.6.182.27\/es\/?p=256429"},"modified":"2022-10-09T20:08:59","modified_gmt":"2022-10-09T17:08:59","slug":"al-assad-no-es-posible-reformar-la-sociedad-sin-tener-en-cuenta-el-papel-principal-de-la-mujer","status":"publish","type":"post","link":"https:\/\/archive.sana.sy\/es\/?p=256429","title":{"rendered":"Al-Assad: no es posible reformar la sociedad sin tener en cuenta el papel principal de la mujer"},"content":{"rendered":"<p style=\"text-align: justify;\"><span style=\"color: #800000;\"><strong>Damasco, 9 oct (SANA)<\/strong> <\/span>El presidente Bashar al-Assad, dijo hoy que \u201cno existe una reforma religiosa porque la religi\u00f3n es la que reforma al hombre y no al rev\u00e9s\u201d.<\/p>\n<p style=\"text-align: justify;\">Al dirigirse a las maestras del Sagrado Cor\u00e1n y de Educaci\u00f3n Isl\u00e1mica Femenina en las escuelas de la Sharia, el mandatario subray\u00f3 que no es posible reformar la sociedad sin tener en cuenta el papel principal de la mujer como socia del hombre, y aclar\u00f3 la \u201casociaci\u00f3n\u201d no significa semejanza y congruencia, sino intercambiar y complementar roles\u201d.<\/p>\n<p style=\"text-align: justify;\">Con respecto a la participaci\u00f3n de maestras del Cor\u00e1n por primera vez en la ceremonia del natalicio del profeta, el Gobernante dijo: \u201cLa presencia de maestras es algo natural\u201d.<\/p>\n<p style=\"text-align: justify;\">Agreg\u00f3 que cualquier persona que trabaja honestamente en el campo religioso, entiende la religi\u00f3n y pertenece a esta religi\u00f3n solo puede ser una persona que ama y no odia.<\/p>\n<p style=\"text-align: justify;\">Seg\u00fan el mandatario, \u201cla base de la sociedad est\u00e1 conformada por hombres, mujeres y ni\u00f1os, y la sociedad no se mide por n\u00fameros, ni se mide por proporciones, sino por integraci\u00f3n y homogeneidad\u201d<\/p>\n<p style=\"text-align: justify;\"><em><strong>fm\/ah<\/strong><\/em><\/p>\n","protected":false},"excerpt":{"rendered":"<p>Damasco, 9 oct (SANA) El presidente Bashar al-Assad, dijo hoy que \u201cno existe una reforma religiosa porque la religi\u00f3n es la que reforma al hombre y no al rev\u00e9s\u201d. Al dirigirse a las maestras del Sagrado Cor\u00e1n y de Educaci\u00f3n Isl\u00e1mica Femenina en las escuelas de la Sharia, el mandatario subray\u00f3 que no es posible &hellip;<\/p>\n","protected":false},"author":30,"featured_media":256432,"comment_status":"closed","ping_status":"closed","sticky":false,"template":"","format":"standard","meta":{"footnotes":""},"categories":[597,20724,16237,583,626],"tags":[],"class_list":["post-256429","post","type-post","status-publish","format-standard","has-post-thumbnail","","category-cinta-de-noticias","category-minuto-a-minuto","category-presidence-de-la-republique-arabe-syria","category-slide","category-sr-presidente"],"_links":{"self":[{"href":"https:\/\/archive.sana.sy\/es\/index.php?rest_route=\/wp\/v2\/posts\/256429"}],"collection":[{"href":"https:\/\/archive.sana.sy\/es\/index.php?rest_route=\/wp\/v2\/posts"}],"about":[{"href":"https:\/\/archive.sana.sy\/es\/index.php?rest_route=\/wp\/v2\/types\/post"}],"author":[{"embeddable":true,"href":"https:\/\/archive.sana.sy\/es\/index.php?rest_route=\/wp\/v2\/users\/30"}],"replies":[{"embeddable":true,"href":"https:\/\/archive.sana.sy\/es\/index.php?rest_route=%2Fwp%2Fv2%2Fcomments&post=256429"}],"version-history":[{"count":0,"href":"https:\/\/archive.sana.sy\/es\/index.php?rest_route=\/wp\/v2\/posts\/256429\/revisions"}],"wp:featuredmedia":[{"embeddable":true,"href":"https:\/\/archive.sana.sy\/es\/index.php?rest_route=\/wp\/v2\/media\/256432"}],"wp:attachment":[{"href":"https:\/\/archive.sana.sy\/es\/index.php?rest_route=%2Fwp%2Fv2%2Fmedia&parent=256429"}],"wp:term":[{"taxonomy":"category","embeddable":true,"href":"https:\/\/archive.sana.sy\/es\/index.php?rest_route=%2Fwp%2Fv2%2Fcategories&post=256429"},{"taxonomy":"post_tag","embeddable":true,"href":"https:\/\/archive.sana.sy\/es\/index.php?rest_route=%2Fwp%2Fv2%2Ftags&post=256429"}],"curies":[{"name":"wp","href":"https:\/\/api.w.org\/{rel}","templated":true}]}}