{"id":256446,"date":"2022-10-09T21:28:27","date_gmt":"2022-10-09T18:28:27","guid":{"rendered":"http:\/\/107.6.182.27\/es\/?p=256446"},"modified":"2023-01-10T15:51:59","modified_gmt":"2023-01-10T13:51:59","slug":"putin-los-servicios-especiales-de-ucrania-estan-detras-del-atentado-terrorista-en-el-puente-de-crimea","status":"publish","type":"post","link":"https:\/\/archive.sana.sy\/es\/?p=256446","title":{"rendered":"Putin: &#8220;Los servicios especiales de Ucrania est\u00e1n detr\u00e1s del atentado terrorista en el puente de Crimea&#8221;"},"content":{"rendered":"<p style=\"text-align: justify;\">\n<blockquote><p><span style=\"color: #ff0000;\"><strong><em>Los investigadores han conseguido identificar a los sospechosos, as\u00ed como a los transportistas que participaron en la organizaci\u00f3n. Adem\u00e1s, se ha establecido la ruta del cami\u00f3n: Bulgaria, Georgia, Armenia, Osetia del Norte y la regi\u00f3n de Krasnodar.<\/em><\/strong><\/span><\/p><\/blockquote>\n<p style=\"text-align: justify;\">\n<span style=\"color: #800000;\"><strong>Mosc\u00fa, 9 oct (SANA)<\/strong><\/span> El presidente ruso, Vlad\u00edmir Putin, dijo que los servicios especiales de Ucrania son los autores y responsables del atentado terrorista contra el puente de Crimea, que dej\u00f3 al menos 3 muertos.<\/p>\n<p style=\"text-align: justify;\">&#8220;Aqu\u00ed no hay dudas. Se trata de un ataque terrorista destinado a destruir infraestructuras civiles cr\u00edticas de la Federaci\u00f3n Rusa. Y los autores, materiales e intelectuales son los servicios especiales ucranianos&#8221;, dijo el mandatario ruso citado por RT, durante una reuni\u00f3n con el jefe del Comit\u00e9 de Investigaci\u00f3n de Rusia, Aleks\u00e1nder Bastrykin.<\/p>\n<p style=\"text-align: justify;\">&#8220;Se ha entrevistado a muchos testigos y se han puesto en marcha y completado en gran medida investigaciones especiales de expertos, que incluyen ex\u00e1menes de explosivos, gen\u00e9ticos y forenses. Se dieron las instrucciones correspondientes al Servicio Federal de Seguridad (FSB) y al Ministerio del Interior de Rusia para llevar a cabo actividades operativas y de investigaci\u00f3n&#8221;, afirm\u00f3 el funcionario.<\/p>\n<p style=\"text-align: justify;\">De acuerdo con Bastrykin, los investigadores han conseguido identificar a los sospechosos, as\u00ed como a los transportistas que participaron en la organizaci\u00f3n. Adem\u00e1s, se ha establecido la ruta del cami\u00f3n: Bulgaria, Georgia, Armenia, Osetia del Norte y la regi\u00f3n de Krasnodar.<\/p>\n<p style=\"text-align: justify;\"><em><strong>fm\/ah<\/strong><\/em><\/p>\n","protected":false},"excerpt":{"rendered":"<p>Los investigadores han conseguido identificar a los sospechosos, as\u00ed como a los transportistas que participaron en la organizaci\u00f3n. Adem\u00e1s, se ha establecido la ruta del cami\u00f3n: Bulgaria, Georgia, Armenia, Osetia del Norte y la regi\u00f3n de Krasnodar. Mosc\u00fa, 9 oct (SANA) El presidente ruso, Vlad\u00edmir Putin, dijo que los servicios especiales de Ucrania son los &hellip;<\/p>\n","protected":false},"author":30,"featured_media":256447,"comment_status":"closed","ping_status":"closed","sticky":false,"template":"","format":"standard","meta":{"footnotes":""},"categories":[597,456,20724,7541],"tags":[],"class_list":["post-256446","post","type-post","status-publish","format-standard","has-post-thumbnail","","category-cinta-de-noticias","category-arabe-internacional-politica","category-minuto-a-minuto","category-ultimas-noticias"],"_links":{"self":[{"href":"https:\/\/archive.sana.sy\/es\/index.php?rest_route=\/wp\/v2\/posts\/256446"}],"collection":[{"href":"https:\/\/archive.sana.sy\/es\/index.php?rest_route=\/wp\/v2\/posts"}],"about":[{"href":"https:\/\/archive.sana.sy\/es\/index.php?rest_route=\/wp\/v2\/types\/post"}],"author":[{"embeddable":true,"href":"https:\/\/archive.sana.sy\/es\/index.php?rest_route=\/wp\/v2\/users\/30"}],"replies":[{"embeddable":true,"href":"https:\/\/archive.sana.sy\/es\/index.php?rest_route=%2Fwp%2Fv2%2Fcomments&post=256446"}],"version-history":[{"count":0,"href":"https:\/\/archive.sana.sy\/es\/index.php?rest_route=\/wp\/v2\/posts\/256446\/revisions"}],"wp:featuredmedia":[{"embeddable":true,"href":"https:\/\/archive.sana.sy\/es\/index.php?rest_route=\/wp\/v2\/media\/256447"}],"wp:attachment":[{"href":"https:\/\/archive.sana.sy\/es\/index.php?rest_route=%2Fwp%2Fv2%2Fmedia&parent=256446"}],"wp:term":[{"taxonomy":"category","embeddable":true,"href":"https:\/\/archive.sana.sy\/es\/index.php?rest_route=%2Fwp%2Fv2%2Fcategories&post=256446"},{"taxonomy":"post_tag","embeddable":true,"href":"https:\/\/archive.sana.sy\/es\/index.php?rest_route=%2Fwp%2Fv2%2Ftags&post=256446"}],"curies":[{"name":"wp","href":"https:\/\/api.w.org\/{rel}","templated":true}]}}