{"id":256452,"date":"2022-10-10T06:02:36","date_gmt":"2022-10-10T03:02:36","guid":{"rendered":"http:\/\/107.6.182.27\/es\/?p=256452"},"modified":"2023-01-10T15:51:59","modified_gmt":"2023-01-10T13:51:59","slug":"destruccion-directa-de-los-terroristas-que-atacaron-el-puente-de-crimea-propone-medvedev","status":"publish","type":"post","link":"https:\/\/archive.sana.sy\/es\/?p=256452","title":{"rendered":"&#8220;Destrucci\u00f3n directa de los terroristas que atacaron el puente de Crimea&#8221;, propone Medv\u00e9dev"},"content":{"rendered":"<p style=\"text-align: justify;\"><span style=\"color: #800000;\"><strong>Mosc\u00fa, 10 oct (SANA)<\/strong><\/span> El vicepresidente del Consejo de Seguridad de Rusia, Dmitri Medv\u00e9dev, asegur\u00f3 que el r\u00e9gimen de Kiev es responsable del acto terrorista contra el puente de Crimea y Rusia debe responder eliminando a los terroristas.<\/p>\n<p style=\"text-align: justify;\">&#8220;El perpetrador del crimen es el Estado fallido de Ucrania. Esto es un acto terrorista y un sabotaje cometido por el r\u00e9gimen criminal de Kiev. No hay duda, y nunca la hubo\u2026 La respuesta de Rusia a este crimen s\u00f3lo puede ser la destrucci\u00f3n directa de los terroristas&#8221;, declar\u00f3 Medv\u00e9dev, citado por la agencia Sputnik.<\/p>\n<p style=\"text-align: justify;\">Putin consider\u00f3 la explosi\u00f3n del puente de Crimea un ataque terrorista para destruir infraestructura civil cr\u00edtica de la Federaci\u00f3n de Rusia, y asegur\u00f3 que los servicios especiales ucranianos ejecutaron el ataque terrorista.<\/p>\n<p>fm<\/p>\n<p style=\"text-align: justify;\">\n","protected":false},"excerpt":{"rendered":"<p>Mosc\u00fa, 10 oct (SANA) El vicepresidente del Consejo de Seguridad de Rusia, Dmitri Medv\u00e9dev, asegur\u00f3 que el r\u00e9gimen de Kiev es responsable del acto terrorista contra el puente de Crimea y Rusia debe responder eliminando a los terroristas. &#8220;El perpetrador del crimen es el Estado fallido de Ucrania. Esto es un acto terrorista y un &hellip;<\/p>\n","protected":false},"author":34,"featured_media":256453,"comment_status":"closed","ping_status":"closed","sticky":false,"template":"","format":"standard","meta":{"footnotes":""},"categories":[597,456,20724,7541],"tags":[],"class_list":["post-256452","post","type-post","status-publish","format-standard","has-post-thumbnail","","category-cinta-de-noticias","category-arabe-internacional-politica","category-minuto-a-minuto","category-ultimas-noticias"],"_links":{"self":[{"href":"https:\/\/archive.sana.sy\/es\/index.php?rest_route=\/wp\/v2\/posts\/256452"}],"collection":[{"href":"https:\/\/archive.sana.sy\/es\/index.php?rest_route=\/wp\/v2\/posts"}],"about":[{"href":"https:\/\/archive.sana.sy\/es\/index.php?rest_route=\/wp\/v2\/types\/post"}],"author":[{"embeddable":true,"href":"https:\/\/archive.sana.sy\/es\/index.php?rest_route=\/wp\/v2\/users\/34"}],"replies":[{"embeddable":true,"href":"https:\/\/archive.sana.sy\/es\/index.php?rest_route=%2Fwp%2Fv2%2Fcomments&post=256452"}],"version-history":[{"count":0,"href":"https:\/\/archive.sana.sy\/es\/index.php?rest_route=\/wp\/v2\/posts\/256452\/revisions"}],"wp:featuredmedia":[{"embeddable":true,"href":"https:\/\/archive.sana.sy\/es\/index.php?rest_route=\/wp\/v2\/media\/256453"}],"wp:attachment":[{"href":"https:\/\/archive.sana.sy\/es\/index.php?rest_route=%2Fwp%2Fv2%2Fmedia&parent=256452"}],"wp:term":[{"taxonomy":"category","embeddable":true,"href":"https:\/\/archive.sana.sy\/es\/index.php?rest_route=%2Fwp%2Fv2%2Fcategories&post=256452"},{"taxonomy":"post_tag","embeddable":true,"href":"https:\/\/archive.sana.sy\/es\/index.php?rest_route=%2Fwp%2Fv2%2Ftags&post=256452"}],"curies":[{"name":"wp","href":"https:\/\/api.w.org\/{rel}","templated":true}]}}