{"id":256578,"date":"2022-10-10T21:33:25","date_gmt":"2022-10-10T18:33:25","guid":{"rendered":"http:\/\/107.6.182.27\/es\/?p=256578"},"modified":"2023-01-10T15:51:56","modified_gmt":"2023-01-10T13:51:56","slug":"primera-ministra-de-escocia-reitera-demanda-de-su-pais-de-independizarse-del-reino-unido","status":"publish","type":"post","link":"https:\/\/archive.sana.sy\/es\/?p=256578","title":{"rendered":"Primera Ministra de Escocia reitera demanda de su pa\u00eds de independizarse del Reino Unido"},"content":{"rendered":"<blockquote><p><span style=\"color: #ff0000;\"><strong><em>Fij\u00f3 el 19 de octubre del pr\u00f3ximo a\u00f1o como una nueva fecha para un nuevo refer\u00e9ndum en Escocia para exigir la independencia.<\/em><\/strong><\/span><\/p><\/blockquote>\n<p style=\"text-align: justify;\"><span style=\"color: #800000;\"><strong>Edimburgo, 10 oct (SANA)<\/strong><\/span> La primera ministra escocesa, Nicola Sturgeon, renov\u00f3 la demanda de independencia de su pa\u00eds y la separaci\u00f3n total de Gran Breta\u00f1a, fijando el 19 de octubre del pr\u00f3ximo a\u00f1o como una nueva fecha para un nuevo refer\u00e9ndum en Escocia para exigir la independencia.<\/p>\n<p style=\"text-align: justify;\">\u201cEscocia dispone de todo lo necesario para ser un estado independiente que depende de su potencial, competencias y las capacidades de su gente, y en el futuro depender\u00e1 de la energ\u00eda alternativa, lejos del gas y el petr\u00f3leo a los que sol\u00eda dependerse del Mar del Norte\u201d, expres\u00f3 Sturgeon durante la conferencia anual del Partido Nacional Escoc\u00e9s citada RT.<\/p>\n<p style=\"text-align: justify;\">La Jefa del Gabinete resalt\u00f3 que el nuevo refer\u00e9ndum se basa en la decisi\u00f3n del Tribunal Constitucional de Escocia que se espera para la pr\u00f3xima semana y la aprobaci\u00f3n de la primera ministra brit\u00e1nica, Liz Trass, de la solicitud de Edimburgo.<\/p>\n<p style=\"text-align: justify;\">Alrededor del 55 % de los escoceses votaron en el refer\u00e9ndum anterior en 2014 contra la independencia, con un 45 % a favor.<\/p>\n<p style=\"text-align: justify;\"><em><strong>ah\/fm<\/strong><\/em><\/p>\n","protected":false},"excerpt":{"rendered":"<p>Fij\u00f3 el 19 de octubre del pr\u00f3ximo a\u00f1o como una nueva fecha para un nuevo refer\u00e9ndum en Escocia para exigir la independencia. Edimburgo, 10 oct (SANA) La primera ministra escocesa, Nicola Sturgeon, renov\u00f3 la demanda de independencia de su pa\u00eds y la separaci\u00f3n total de Gran Breta\u00f1a, fijando el 19 de octubre del pr\u00f3ximo a\u00f1o &hellip;<\/p>\n","protected":false},"author":30,"featured_media":256584,"comment_status":"closed","ping_status":"closed","sticky":false,"template":"","format":"standard","meta":{"footnotes":""},"categories":[456,20724],"tags":[],"class_list":["post-256578","post","type-post","status-publish","format-standard","has-post-thumbnail","","category-arabe-internacional-politica","category-minuto-a-minuto"],"_links":{"self":[{"href":"https:\/\/archive.sana.sy\/es\/index.php?rest_route=\/wp\/v2\/posts\/256578"}],"collection":[{"href":"https:\/\/archive.sana.sy\/es\/index.php?rest_route=\/wp\/v2\/posts"}],"about":[{"href":"https:\/\/archive.sana.sy\/es\/index.php?rest_route=\/wp\/v2\/types\/post"}],"author":[{"embeddable":true,"href":"https:\/\/archive.sana.sy\/es\/index.php?rest_route=\/wp\/v2\/users\/30"}],"replies":[{"embeddable":true,"href":"https:\/\/archive.sana.sy\/es\/index.php?rest_route=%2Fwp%2Fv2%2Fcomments&post=256578"}],"version-history":[{"count":0,"href":"https:\/\/archive.sana.sy\/es\/index.php?rest_route=\/wp\/v2\/posts\/256578\/revisions"}],"wp:featuredmedia":[{"embeddable":true,"href":"https:\/\/archive.sana.sy\/es\/index.php?rest_route=\/wp\/v2\/media\/256584"}],"wp:attachment":[{"href":"https:\/\/archive.sana.sy\/es\/index.php?rest_route=%2Fwp%2Fv2%2Fmedia&parent=256578"}],"wp:term":[{"taxonomy":"category","embeddable":true,"href":"https:\/\/archive.sana.sy\/es\/index.php?rest_route=%2Fwp%2Fv2%2Fcategories&post=256578"},{"taxonomy":"post_tag","embeddable":true,"href":"https:\/\/archive.sana.sy\/es\/index.php?rest_route=%2Fwp%2Fv2%2Ftags&post=256578"}],"curies":[{"name":"wp","href":"https:\/\/api.w.org\/{rel}","templated":true}]}}