{"id":256614,"date":"2022-10-11T06:13:53","date_gmt":"2022-10-11T03:13:53","guid":{"rendered":"http:\/\/107.6.182.27\/es\/?p=256614"},"modified":"2023-01-10T15:51:55","modified_gmt":"2023-01-10T13:51:55","slug":"nebenzia-la-sesion-de-la-asamblea-general-sobre-ucrania-esta-politizada-y-promueve-la-retorica-antirrusa","status":"publish","type":"post","link":"https:\/\/archive.sana.sy\/es\/?p=256614","title":{"rendered":"Nebenzia: La sesi\u00f3n de la Asamblea General sobre Ucrania est\u00e1 politizada y promueve la ret\u00f3rica antirrusa"},"content":{"rendered":"<p style=\"text-align: justify;\"><span style=\"color: #800000;\"><strong>Nueva York, 11 oct (SANA)<\/strong> <\/span>El representante permanente de Rusia ante las Naciones Unidas, Vassily Nebenzia, afirm\u00f3 que la sesi\u00f3n de la Asamblea General de las Naciones Unidas sobre Ucrania estaba politizada y se convoc\u00f3 espec\u00edficamente para promover la ret\u00f3rica antirrusa.<\/p>\n<p style=\"text-align: justify;\">En su intervenci\u00f3n durante la sesi\u00f3n, el diplom\u00e1tico dijo que la OTAN est\u00e1 trabajando para escalar el conflicto con Rusia con el objetivo de debilitarla y eligi\u00f3 a Ucrania para lograr este objetivo para convertirla en un campo de pruebas de las armas occidentales.<\/p>\n<p style=\"text-align: justify;\">Agreg\u00f3 que el proyecto de resoluci\u00f3n de EE. UU. sobre los refer\u00e9ndums es otro paso para dividir a las Naciones Unidas y enfatiz\u00f3 que la mayor\u00eda de los residentes de Donbass, Zaporozhie y Jers\u00f3n optaron por unirse a Rusia.<\/p>\n<p style=\"text-align: justify;\">&#8220;Washington, Londres, Bruselas y algunas otras capitales intentan detener el reloj, para pretender que la historia comienza desde febrero de 2022 cuando inici\u00f3 la operaci\u00f3n militar especial rusa&#8221;, afirm\u00f3 el alto funcionario, y agreg\u00f3 que &#8220;todos los dem\u00e1s aspectos de la crisis ucraniana, cuyas premisas fueron establecidas met\u00f3dicamente por los Estados occidentales desde al menos 2014, o m\u00e1s bien mucho antes, se ignoran\u201d.<\/p>\n<p style=\"text-align: justify;\">fm<\/p>\n","protected":false},"excerpt":{"rendered":"<p>Nueva York, 11 oct (SANA) El representante permanente de Rusia ante las Naciones Unidas, Vassily Nebenzia, afirm\u00f3 que la sesi\u00f3n de la Asamblea General de las Naciones Unidas sobre Ucrania estaba politizada y se convoc\u00f3 espec\u00edficamente para promover la ret\u00f3rica antirrusa. En su intervenci\u00f3n durante la sesi\u00f3n, el diplom\u00e1tico dijo que la OTAN est\u00e1 trabajando &hellip;<\/p>\n","protected":false},"author":34,"featured_media":256615,"comment_status":"closed","ping_status":"closed","sticky":false,"template":"","format":"standard","meta":{"footnotes":""},"categories":[597,456,20724,7541],"tags":[],"class_list":["post-256614","post","type-post","status-publish","format-standard","has-post-thumbnail","","category-cinta-de-noticias","category-arabe-internacional-politica","category-minuto-a-minuto","category-ultimas-noticias"],"_links":{"self":[{"href":"https:\/\/archive.sana.sy\/es\/index.php?rest_route=\/wp\/v2\/posts\/256614"}],"collection":[{"href":"https:\/\/archive.sana.sy\/es\/index.php?rest_route=\/wp\/v2\/posts"}],"about":[{"href":"https:\/\/archive.sana.sy\/es\/index.php?rest_route=\/wp\/v2\/types\/post"}],"author":[{"embeddable":true,"href":"https:\/\/archive.sana.sy\/es\/index.php?rest_route=\/wp\/v2\/users\/34"}],"replies":[{"embeddable":true,"href":"https:\/\/archive.sana.sy\/es\/index.php?rest_route=%2Fwp%2Fv2%2Fcomments&post=256614"}],"version-history":[{"count":0,"href":"https:\/\/archive.sana.sy\/es\/index.php?rest_route=\/wp\/v2\/posts\/256614\/revisions"}],"wp:featuredmedia":[{"embeddable":true,"href":"https:\/\/archive.sana.sy\/es\/index.php?rest_route=\/wp\/v2\/media\/256615"}],"wp:attachment":[{"href":"https:\/\/archive.sana.sy\/es\/index.php?rest_route=%2Fwp%2Fv2%2Fmedia&parent=256614"}],"wp:term":[{"taxonomy":"category","embeddable":true,"href":"https:\/\/archive.sana.sy\/es\/index.php?rest_route=%2Fwp%2Fv2%2Fcategories&post=256614"},{"taxonomy":"post_tag","embeddable":true,"href":"https:\/\/archive.sana.sy\/es\/index.php?rest_route=%2Fwp%2Fv2%2Ftags&post=256614"}],"curies":[{"name":"wp","href":"https:\/\/api.w.org\/{rel}","templated":true}]}}