{"id":256617,"date":"2022-10-11T06:32:03","date_gmt":"2022-10-11T03:32:03","guid":{"rendered":"http:\/\/107.6.182.27\/es\/?p=256617"},"modified":"2023-01-10T15:51:55","modified_gmt":"2023-01-10T13:51:55","slug":"la-ue-perdio-su-prosperidad-por-culpa-de-su-propia-elite-politica-que-soburdina-a-ee-uu-afirma-zajarova","status":"publish","type":"post","link":"https:\/\/archive.sana.sy\/es\/?p=256617","title":{"rendered":"La UE perdi\u00f3 su prosperidad por culpa de su propia \u00e9lite pol\u00edtica que soburdina a EE.UU., afirma Zaj\u00e1rova"},"content":{"rendered":"<p style=\"text-align: justify;\"><span style=\"color: #800000;\"><strong>Mosc\u00fa, 11 oct (SANA)<\/strong> <\/span>La portavoz del Ministerio de Exteriores ruso, Mar\u00eda Zaj\u00e1rova, dijo hoy que la prosperidad de la Uni\u00f3n Europea ya es una cuesti\u00f3n del pasado gracias a las acciones de la \u00e9lite y los bur\u00f3cratas europeos.<\/p>\n<p style=\"text-align: justify;\">La vocera coment\u00f3 las declaraciones del alto representante de la Uni\u00f3n Europea para los Asuntos Exteriores, Josep Borrell, quien afirm\u00f3 durante una reuni\u00f3n con los embajadores de la UE que la prosperidad del bloque se bas\u00f3 en suministros de energ\u00eda barata procedente de Rusia, y que ni Mosc\u00fa ni Pek\u00edn ser\u00e1n lo que eran para la econom\u00eda europea.<\/p>\n<p style=\"text-align: justify;\">&#8220;El jefe de la diplomacia de la UE se olvid\u00f3 de a\u00f1adir que la UE perdi\u00f3 todo esto gracias a su propia \u00e9lite pol\u00edtica y a un gran ej\u00e9rcito de eurobur\u00f3cratas, que actuaron en beneficio de EE.UU. Toda la crisis en torno a Ucrania fue creada por la propia Bruselas, con sus propias manos&#8221;, escribi\u00f3 Zaj\u00e1rova en su canal de Telegram, citada por RT.<\/p>\n<p style=\"text-align: justify;\">fm<\/p>\n","protected":false},"excerpt":{"rendered":"<p>Mosc\u00fa, 11 oct (SANA) La portavoz del Ministerio de Exteriores ruso, Mar\u00eda Zaj\u00e1rova, dijo hoy que la prosperidad de la Uni\u00f3n Europea ya es una cuesti\u00f3n del pasado gracias a las acciones de la \u00e9lite y los bur\u00f3cratas europeos. La vocera coment\u00f3 las declaraciones del alto representante de la Uni\u00f3n Europea para los Asuntos Exteriores, &hellip;<\/p>\n","protected":false},"author":34,"featured_media":256618,"comment_status":"closed","ping_status":"closed","sticky":false,"template":"","format":"standard","meta":{"footnotes":""},"categories":[597,456,20724,7541],"tags":[],"class_list":["post-256617","post","type-post","status-publish","format-standard","has-post-thumbnail","","category-cinta-de-noticias","category-arabe-internacional-politica","category-minuto-a-minuto","category-ultimas-noticias"],"_links":{"self":[{"href":"https:\/\/archive.sana.sy\/es\/index.php?rest_route=\/wp\/v2\/posts\/256617"}],"collection":[{"href":"https:\/\/archive.sana.sy\/es\/index.php?rest_route=\/wp\/v2\/posts"}],"about":[{"href":"https:\/\/archive.sana.sy\/es\/index.php?rest_route=\/wp\/v2\/types\/post"}],"author":[{"embeddable":true,"href":"https:\/\/archive.sana.sy\/es\/index.php?rest_route=\/wp\/v2\/users\/34"}],"replies":[{"embeddable":true,"href":"https:\/\/archive.sana.sy\/es\/index.php?rest_route=%2Fwp%2Fv2%2Fcomments&post=256617"}],"version-history":[{"count":0,"href":"https:\/\/archive.sana.sy\/es\/index.php?rest_route=\/wp\/v2\/posts\/256617\/revisions"}],"wp:featuredmedia":[{"embeddable":true,"href":"https:\/\/archive.sana.sy\/es\/index.php?rest_route=\/wp\/v2\/media\/256618"}],"wp:attachment":[{"href":"https:\/\/archive.sana.sy\/es\/index.php?rest_route=%2Fwp%2Fv2%2Fmedia&parent=256617"}],"wp:term":[{"taxonomy":"category","embeddable":true,"href":"https:\/\/archive.sana.sy\/es\/index.php?rest_route=%2Fwp%2Fv2%2Fcategories&post=256617"},{"taxonomy":"post_tag","embeddable":true,"href":"https:\/\/archive.sana.sy\/es\/index.php?rest_route=%2Fwp%2Fv2%2Ftags&post=256617"}],"curies":[{"name":"wp","href":"https:\/\/api.w.org\/{rel}","templated":true}]}}