{"id":256677,"date":"2022-10-11T10:31:51","date_gmt":"2022-10-11T07:31:51","guid":{"rendered":"http:\/\/107.6.182.27\/es\/?p=256677"},"modified":"2022-10-11T10:31:51","modified_gmt":"2022-10-11T07:31:51","slug":"ceremonia-por-el-dia-del-artista-plastico-sirio-en-la-opera-de-damasco-fotos","status":"publish","type":"post","link":"https:\/\/archive.sana.sy\/es\/?p=256677","title":{"rendered":"Ceremonia por el D\u00eda del Artista Pl\u00e1stico Sirio en la \u00d3pera de Damasco (+ fotos)"},"content":{"rendered":"<p style=\"text-align: justify;\"><strong><span style=\"color: #800000;\">Damasco, 11 oct (SANA)<\/span><\/strong>\u00a0 Bajo el lema \u201c70 A\u00f1os de Modernidad\u201d, el Ministerio de Cultura organiz\u00f3 una ceremonia con motivo del D\u00eda del Artista Pl\u00e1stico Sirio, en la \u00d3pera de Damasco.<\/p>\n<p style=\"text-align: justify;\"><img loading=\"lazy\" decoding=\"async\" class=\"size-medium wp-image-256688 alignright\" src=\"http:\/\/107.6.182.27\/es\/wp-content\/uploads\/2022\/10\/999_5937-300x200.jpg\" alt=\"\" width=\"300\" height=\"200\" srcset=\"https:\/\/archive.sana.sy\/es\/wp-content\/uploads\/2022\/10\/999_5937-300x200.jpg 300w, https:\/\/archive.sana.sy\/es\/wp-content\/uploads\/2022\/10\/999_5937-1024x683.jpg 1024w, https:\/\/archive.sana.sy\/es\/wp-content\/uploads\/2022\/10\/999_5937-150x100.jpg 150w, https:\/\/archive.sana.sy\/es\/wp-content\/uploads\/2022\/10\/999_5937-768x512.jpg 768w, https:\/\/archive.sana.sy\/es\/wp-content\/uploads\/2022\/10\/999_5937-1536x1024.jpg 1536w, https:\/\/archive.sana.sy\/es\/wp-content\/uploads\/2022\/10\/999_5937-2048x1365.jpg 2048w\" sizes=\"(max-width: 300px) 100vw, 300px\" \/><\/p>\n<p style=\"text-align: justify;\">El t\u00edtulo de la celebraci\u00f3n se inspir\u00f3 del 70 aniversario del premio que obtuvo el cuadro \u201cKafr Janna\u201d del artista sirio Fateh Al-Modarres en la tercera exposici\u00f3n anual de 1952, que marc\u00f3 el comienzo de la \u00e9poca moderna del arte pl\u00e1stico sirio.<\/p>\n<p style=\"text-align: justify;\">Celebramos la victoria de una de las pinturas sirias m\u00e1s importantes ya que fue el comienzo del movimiento de modernidad en este arte, dijo la ministra de Cultura, Lubana Mushawah.<\/p>\n<p style=\"text-align: justify;\">Por su parte, el artista gr\u00e1fico Talal Al-Abdullah, se\u00f1al\u00f3 que la valoraci\u00f3n de la labor creativa del Ministerio de Cultura constituye un importante incentivo moral para el artista.<\/p>\n<div id='gallery-1' class='gallery galleryid-256677 gallery-columns-1 gallery-size-full'><figure class='gallery-item'>\n\t\t\t<div class='gallery-icon landscape'>\n\t\t\t\t<a href='https:\/\/archive.sana.sy\/es\/wp-content\/uploads\/2022\/10\/999_5880-scaled.jpg'><img loading=\"lazy\" decoding=\"async\" width=\"2560\" height=\"1777\" src=\"https:\/\/archive.sana.sy\/es\/wp-content\/uploads\/2022\/10\/999_5880-scaled.jpg\" class=\"attachment-full size-full\" alt=\"\" srcset=\"https:\/\/archive.sana.sy\/es\/wp-content\/uploads\/2022\/10\/999_5880-scaled.jpg 2560w, https:\/\/archive.sana.sy\/es\/wp-content\/uploads\/2022\/10\/999_5880-300x208.jpg 300w, https:\/\/archive.sana.sy\/es\/wp-content\/uploads\/2022\/10\/999_5880-1024x711.jpg 1024w, https:\/\/archive.sana.sy\/es\/wp-content\/uploads\/2022\/10\/999_5880-150x104.jpg 150w, https:\/\/archive.sana.sy\/es\/wp-content\/uploads\/2022\/10\/999_5880-768x533.jpg 768w, https:\/\/archive.sana.sy\/es\/wp-content\/uploads\/2022\/10\/999_5880-1536x1066.jpg 1536w, https:\/\/archive.sana.sy\/es\/wp-content\/uploads\/2022\/10\/999_5880-2048x1421.jpg 2048w, https:\/\/archive.sana.sy\/es\/wp-content\/uploads\/2022\/10\/999_5880-110x75.jpg 110w\" sizes=\"(max-width: 2560px) 100vw, 2560px\" \/><\/a>\n\t\t\t<\/div><\/figure><figure class='gallery-item'>\n\t\t\t<div class='gallery-icon landscape'>\n\t\t\t\t<a href='https:\/\/archive.sana.sy\/es\/wp-content\/uploads\/2022\/10\/999_5881-scaled.jpg'><img loading=\"lazy\" decoding=\"async\" width=\"2560\" height=\"1634\" src=\"https:\/\/archive.sana.sy\/es\/wp-content\/uploads\/2022\/10\/999_5881-scaled.jpg\" class=\"attachment-full size-full\" alt=\"\" srcset=\"https:\/\/archive.sana.sy\/es\/wp-content\/uploads\/2022\/10\/999_5881-scaled.jpg 2560w, https:\/\/archive.sana.sy\/es\/wp-content\/uploads\/2022\/10\/999_5881-300x192.jpg 300w, https:\/\/archive.sana.sy\/es\/wp-content\/uploads\/2022\/10\/999_5881-1024x654.jpg 1024w, https:\/\/archive.sana.sy\/es\/wp-content\/uploads\/2022\/10\/999_5881-150x96.jpg 150w, https:\/\/archive.sana.sy\/es\/wp-content\/uploads\/2022\/10\/999_5881-768x490.jpg 768w, https:\/\/archive.sana.sy\/es\/wp-content\/uploads\/2022\/10\/999_5881-1536x981.jpg 1536w, https:\/\/archive.sana.sy\/es\/wp-content\/uploads\/2022\/10\/999_5881-2048x1308.jpg 2048w\" sizes=\"(max-width: 2560px) 100vw, 2560px\" \/><\/a>\n\t\t\t<\/div><\/figure><figure class='gallery-item'>\n\t\t\t<div class='gallery-icon landscape'>\n\t\t\t\t<a href='https:\/\/archive.sana.sy\/es\/wp-content\/uploads\/2022\/10\/999_5884-scaled.jpg'><img loading=\"lazy\" decoding=\"async\" width=\"2560\" height=\"1772\" src=\"https:\/\/archive.sana.sy\/es\/wp-content\/uploads\/2022\/10\/999_5884-scaled.jpg\" class=\"attachment-full size-full\" alt=\"\" srcset=\"https:\/\/archive.sana.sy\/es\/wp-content\/uploads\/2022\/10\/999_5884-scaled.jpg 2560w, https:\/\/archive.sana.sy\/es\/wp-content\/uploads\/2022\/10\/999_5884-300x208.jpg 300w, https:\/\/archive.sana.sy\/es\/wp-content\/uploads\/2022\/10\/999_5884-1024x709.jpg 1024w, https:\/\/archive.sana.sy\/es\/wp-content\/uploads\/2022\/10\/999_5884-150x104.jpg 150w, https:\/\/archive.sana.sy\/es\/wp-content\/uploads\/2022\/10\/999_5884-768x532.jpg 768w, https:\/\/archive.sana.sy\/es\/wp-content\/uploads\/2022\/10\/999_5884-1536x1063.jpg 1536w, https:\/\/archive.sana.sy\/es\/wp-content\/uploads\/2022\/10\/999_5884-2048x1417.jpg 2048w, https:\/\/archive.sana.sy\/es\/wp-content\/uploads\/2022\/10\/999_5884-110x75.jpg 110w\" sizes=\"(max-width: 2560px) 100vw, 2560px\" \/><\/a>\n\t\t\t<\/div><\/figure><figure class='gallery-item'>\n\t\t\t<div class='gallery-icon landscape'>\n\t\t\t\t<a href='https:\/\/archive.sana.sy\/es\/wp-content\/uploads\/2022\/10\/999_5886-scaled.jpg'><img loading=\"lazy\" decoding=\"async\" width=\"2560\" height=\"1707\" src=\"https:\/\/archive.sana.sy\/es\/wp-content\/uploads\/2022\/10\/999_5886-scaled.jpg\" class=\"attachment-full size-full\" alt=\"\" srcset=\"https:\/\/archive.sana.sy\/es\/wp-content\/uploads\/2022\/10\/999_5886-scaled.jpg 2560w, https:\/\/archive.sana.sy\/es\/wp-content\/uploads\/2022\/10\/999_5886-300x200.jpg 300w, https:\/\/archive.sana.sy\/es\/wp-content\/uploads\/2022\/10\/999_5886-1024x683.jpg 1024w, https:\/\/archive.sana.sy\/es\/wp-content\/uploads\/2022\/10\/999_5886-150x100.jpg 150w, https:\/\/archive.sana.sy\/es\/wp-content\/uploads\/2022\/10\/999_5886-768x512.jpg 768w, https:\/\/archive.sana.sy\/es\/wp-content\/uploads\/2022\/10\/999_5886-1536x1024.jpg 1536w, https:\/\/archive.sana.sy\/es\/wp-content\/uploads\/2022\/10\/999_5886-2048x1365.jpg 2048w\" sizes=\"(max-width: 2560px) 100vw, 2560px\" \/><\/a>\n\t\t\t<\/div><\/figure><figure class='gallery-item'>\n\t\t\t<div class='gallery-icon landscape'>\n\t\t\t\t<a href='https:\/\/archive.sana.sy\/es\/wp-content\/uploads\/2022\/10\/999_5887-scaled.jpg'><img loading=\"lazy\" decoding=\"async\" width=\"2560\" height=\"1810\" src=\"https:\/\/archive.sana.sy\/es\/wp-content\/uploads\/2022\/10\/999_5887-scaled.jpg\" class=\"attachment-full size-full\" alt=\"\" srcset=\"https:\/\/archive.sana.sy\/es\/wp-content\/uploads\/2022\/10\/999_5887-scaled.jpg 2560w, https:\/\/archive.sana.sy\/es\/wp-content\/uploads\/2022\/10\/999_5887-300x212.jpg 300w, https:\/\/archive.sana.sy\/es\/wp-content\/uploads\/2022\/10\/999_5887-1024x724.jpg 1024w, https:\/\/archive.sana.sy\/es\/wp-content\/uploads\/2022\/10\/999_5887-150x106.jpg 150w, https:\/\/archive.sana.sy\/es\/wp-content\/uploads\/2022\/10\/999_5887-768x543.jpg 768w, https:\/\/archive.sana.sy\/es\/wp-content\/uploads\/2022\/10\/999_5887-1536x1086.jpg 1536w, https:\/\/archive.sana.sy\/es\/wp-content\/uploads\/2022\/10\/999_5887-2048x1448.jpg 2048w\" sizes=\"(max-width: 2560px) 100vw, 2560px\" \/><\/a>\n\t\t\t<\/div><\/figure><figure class='gallery-item'>\n\t\t\t<div class='gallery-icon landscape'>\n\t\t\t\t<a href='https:\/\/archive.sana.sy\/es\/wp-content\/uploads\/2022\/10\/999_5903-scaled.jpg'><img loading=\"lazy\" decoding=\"async\" width=\"2560\" height=\"1636\" src=\"https:\/\/archive.sana.sy\/es\/wp-content\/uploads\/2022\/10\/999_5903-scaled.jpg\" class=\"attachment-full size-full\" alt=\"\" srcset=\"https:\/\/archive.sana.sy\/es\/wp-content\/uploads\/2022\/10\/999_5903-scaled.jpg 2560w, https:\/\/archive.sana.sy\/es\/wp-content\/uploads\/2022\/10\/999_5903-300x192.jpg 300w, https:\/\/archive.sana.sy\/es\/wp-content\/uploads\/2022\/10\/999_5903-1024x654.jpg 1024w, https:\/\/archive.sana.sy\/es\/wp-content\/uploads\/2022\/10\/999_5903-150x96.jpg 150w, https:\/\/archive.sana.sy\/es\/wp-content\/uploads\/2022\/10\/999_5903-768x491.jpg 768w, https:\/\/archive.sana.sy\/es\/wp-content\/uploads\/2022\/10\/999_5903-1536x982.jpg 1536w, https:\/\/archive.sana.sy\/es\/wp-content\/uploads\/2022\/10\/999_5903-2048x1309.jpg 2048w\" sizes=\"(max-width: 2560px) 100vw, 2560px\" \/><\/a>\n\t\t\t<\/div><\/figure><figure class='gallery-item'>\n\t\t\t<div class='gallery-icon landscape'>\n\t\t\t\t<a href='https:\/\/archive.sana.sy\/es\/wp-content\/uploads\/2022\/10\/999_5913-scaled.jpg'><img loading=\"lazy\" decoding=\"async\" width=\"2560\" height=\"1598\" src=\"https:\/\/archive.sana.sy\/es\/wp-content\/uploads\/2022\/10\/999_5913-scaled.jpg\" class=\"attachment-full size-full\" alt=\"\" srcset=\"https:\/\/archive.sana.sy\/es\/wp-content\/uploads\/2022\/10\/999_5913-scaled.jpg 2560w, https:\/\/archive.sana.sy\/es\/wp-content\/uploads\/2022\/10\/999_5913-300x187.jpg 300w, https:\/\/archive.sana.sy\/es\/wp-content\/uploads\/2022\/10\/999_5913-1024x639.jpg 1024w, https:\/\/archive.sana.sy\/es\/wp-content\/uploads\/2022\/10\/999_5913-150x94.jpg 150w, https:\/\/archive.sana.sy\/es\/wp-content\/uploads\/2022\/10\/999_5913-768x479.jpg 768w, https:\/\/archive.sana.sy\/es\/wp-content\/uploads\/2022\/10\/999_5913-1536x959.jpg 1536w, https:\/\/archive.sana.sy\/es\/wp-content\/uploads\/2022\/10\/999_5913-2048x1278.jpg 2048w\" sizes=\"(max-width: 2560px) 100vw, 2560px\" \/><\/a>\n\t\t\t<\/div><\/figure><figure class='gallery-item'>\n\t\t\t<div class='gallery-icon landscape'>\n\t\t\t\t<a href='https:\/\/archive.sana.sy\/es\/wp-content\/uploads\/2022\/10\/999_5937-scaled.jpg'><img loading=\"lazy\" decoding=\"async\" width=\"2560\" height=\"1707\" src=\"https:\/\/archive.sana.sy\/es\/wp-content\/uploads\/2022\/10\/999_5937-scaled.jpg\" class=\"attachment-full size-full\" alt=\"\" srcset=\"https:\/\/archive.sana.sy\/es\/wp-content\/uploads\/2022\/10\/999_5937-scaled.jpg 2560w, https:\/\/archive.sana.sy\/es\/wp-content\/uploads\/2022\/10\/999_5937-300x200.jpg 300w, https:\/\/archive.sana.sy\/es\/wp-content\/uploads\/2022\/10\/999_5937-1024x683.jpg 1024w, https:\/\/archive.sana.sy\/es\/wp-content\/uploads\/2022\/10\/999_5937-150x100.jpg 150w, https:\/\/archive.sana.sy\/es\/wp-content\/uploads\/2022\/10\/999_5937-768x512.jpg 768w, https:\/\/archive.sana.sy\/es\/wp-content\/uploads\/2022\/10\/999_5937-1536x1024.jpg 1536w, https:\/\/archive.sana.sy\/es\/wp-content\/uploads\/2022\/10\/999_5937-2048x1365.jpg 2048w\" sizes=\"(max-width: 2560px) 100vw, 2560px\" \/><\/a>\n\t\t\t<\/div><\/figure><figure class='gallery-item'>\n\t\t\t<div class='gallery-icon landscape'>\n\t\t\t\t<a href='https:\/\/archive.sana.sy\/es\/wp-content\/uploads\/2022\/10\/999_6063-scaled.jpg'><img loading=\"lazy\" decoding=\"async\" width=\"2560\" height=\"1723\" src=\"https:\/\/archive.sana.sy\/es\/wp-content\/uploads\/2022\/10\/999_6063-scaled.jpg\" class=\"attachment-full size-full\" alt=\"\" srcset=\"https:\/\/archive.sana.sy\/es\/wp-content\/uploads\/2022\/10\/999_6063-scaled.jpg 2560w, https:\/\/archive.sana.sy\/es\/wp-content\/uploads\/2022\/10\/999_6063-300x202.jpg 300w, https:\/\/archive.sana.sy\/es\/wp-content\/uploads\/2022\/10\/999_6063-1024x689.jpg 1024w, https:\/\/archive.sana.sy\/es\/wp-content\/uploads\/2022\/10\/999_6063-150x101.jpg 150w, https:\/\/archive.sana.sy\/es\/wp-content\/uploads\/2022\/10\/999_6063-768x517.jpg 768w, https:\/\/archive.sana.sy\/es\/wp-content\/uploads\/2022\/10\/999_6063-1536x1034.jpg 1536w, https:\/\/archive.sana.sy\/es\/wp-content\/uploads\/2022\/10\/999_6063-2048x1379.jpg 2048w, https:\/\/archive.sana.sy\/es\/wp-content\/uploads\/2022\/10\/999_6063-110x75.jpg 110w\" sizes=\"(max-width: 2560px) 100vw, 2560px\" \/><\/a>\n\t\t\t<\/div><\/figure><figure class='gallery-item'>\n\t\t\t<div class='gallery-icon landscape'>\n\t\t\t\t<a href='https:\/\/archive.sana.sy\/es\/wp-content\/uploads\/2022\/10\/999_6079-scaled.jpg'><img loading=\"lazy\" decoding=\"async\" width=\"2560\" height=\"1616\" src=\"https:\/\/archive.sana.sy\/es\/wp-content\/uploads\/2022\/10\/999_6079-scaled.jpg\" class=\"attachment-full size-full\" alt=\"\" srcset=\"https:\/\/archive.sana.sy\/es\/wp-content\/uploads\/2022\/10\/999_6079-scaled.jpg 2560w, https:\/\/archive.sana.sy\/es\/wp-content\/uploads\/2022\/10\/999_6079-300x189.jpg 300w, https:\/\/archive.sana.sy\/es\/wp-content\/uploads\/2022\/10\/999_6079-1024x647.jpg 1024w, https:\/\/archive.sana.sy\/es\/wp-content\/uploads\/2022\/10\/999_6079-150x95.jpg 150w, https:\/\/archive.sana.sy\/es\/wp-content\/uploads\/2022\/10\/999_6079-768x485.jpg 768w, https:\/\/archive.sana.sy\/es\/wp-content\/uploads\/2022\/10\/999_6079-1536x970.jpg 1536w, https:\/\/archive.sana.sy\/es\/wp-content\/uploads\/2022\/10\/999_6079-2048x1293.jpg 2048w\" sizes=\"(max-width: 2560px) 100vw, 2560px\" \/><\/a>\n\t\t\t<\/div><\/figure>\n\t\t<\/div>\n\n<p style=\"text-align: justify;\"><em><strong>ws\/fm<\/strong><\/em><\/p>\n","protected":false},"excerpt":{"rendered":"<p>Damasco, 11 oct (SANA)\u00a0 Bajo el lema \u201c70 A\u00f1os de Modernidad\u201d, el Ministerio de Cultura organiz\u00f3 una ceremonia con motivo del D\u00eda del Artista Pl\u00e1stico Sirio, en la \u00d3pera de Damasco. El t\u00edtulo de la celebraci\u00f3n se inspir\u00f3 del 70 aniversario del premio que obtuvo el cuadro \u201cKafr Janna\u201d del artista sirio Fateh Al-Modarres en &hellip;<\/p>\n","protected":false},"author":35,"featured_media":256678,"comment_status":"closed","ping_status":"closed","sticky":false,"template":"","format":"standard","meta":{"footnotes":""},"categories":[597,510,20724,7541],"tags":[],"class_list":["post-256677","post","type-post","status-publish","format-standard","has-post-thumbnail","","category-cinta-de-noticias","category-arte-y-cultura","category-minuto-a-minuto","category-ultimas-noticias"],"_links":{"self":[{"href":"https:\/\/archive.sana.sy\/es\/index.php?rest_route=\/wp\/v2\/posts\/256677"}],"collection":[{"href":"https:\/\/archive.sana.sy\/es\/index.php?rest_route=\/wp\/v2\/posts"}],"about":[{"href":"https:\/\/archive.sana.sy\/es\/index.php?rest_route=\/wp\/v2\/types\/post"}],"author":[{"embeddable":true,"href":"https:\/\/archive.sana.sy\/es\/index.php?rest_route=\/wp\/v2\/users\/35"}],"replies":[{"embeddable":true,"href":"https:\/\/archive.sana.sy\/es\/index.php?rest_route=%2Fwp%2Fv2%2Fcomments&post=256677"}],"version-history":[{"count":0,"href":"https:\/\/archive.sana.sy\/es\/index.php?rest_route=\/wp\/v2\/posts\/256677\/revisions"}],"wp:featuredmedia":[{"embeddable":true,"href":"https:\/\/archive.sana.sy\/es\/index.php?rest_route=\/wp\/v2\/media\/256678"}],"wp:attachment":[{"href":"https:\/\/archive.sana.sy\/es\/index.php?rest_route=%2Fwp%2Fv2%2Fmedia&parent=256677"}],"wp:term":[{"taxonomy":"category","embeddable":true,"href":"https:\/\/archive.sana.sy\/es\/index.php?rest_route=%2Fwp%2Fv2%2Fcategories&post=256677"},{"taxonomy":"post_tag","embeddable":true,"href":"https:\/\/archive.sana.sy\/es\/index.php?rest_route=%2Fwp%2Fv2%2Ftags&post=256677"}],"curies":[{"name":"wp","href":"https:\/\/api.w.org\/{rel}","templated":true}]}}