{"id":25673,"date":"2015-06-26T18:47:21","date_gmt":"2015-06-26T15:47:21","guid":{"rendered":"http:\/\/sana.sy\/es\/?p=25673"},"modified":"2015-06-26T18:52:51","modified_gmt":"2015-06-26T15:52:51","slug":"terroristas-del-ei-masacran-a-mas-de-120-personas-en-la-ciudad-de-ain-al-arab","status":"publish","type":"post","link":"https:\/\/archive.sana.sy\/es\/?p=25673","title":{"rendered":"Terroristas del EI masacran a m\u00e1s de 120 personas en la ciudad de Ain al-Arab"},"content":{"rendered":"<p><span style=\"color: #800000\">Ain al-Arab, SANA<\/span><\/p>\n<p>Los terroristas del Estado Isl\u00e1mico cometieron este viernes una masacre contra los vecinos de la ciudad de Ain al-Arab ubicada al norte de Alepo, la cual se cobr\u00f3 la vida de al menos 120 civiles.<\/p>\n<p>Fuentes locales informaron que los terroristas del EI entraron en la ciudad desde el paso fronterizo con Turqu\u00eda, allanaron las casas y masacraron a numerosos ciudadanos de forma b\u00e1rbara.<\/p>\n<p>Las fuentes a\u00f1adieron que esta operaci\u00f3n se trata de un acto de venganza de los vecinos de Ain al-Arab quienes se hab\u00edan encarado hace cinco meses a los continuos intentos de los terroristas del EI de atacar la ciudad y les obligaron a retirarse de la misma.<\/p>\n<p>Los vecinos de Ain al-Arab consideran que el Gobierno turco es un c\u00f3mplice en esta masacre, se\u00f1alaron las fuentes, tomando en cuenta que el r\u00e9gimen turco garantiz\u00f3 cobertura a los terroristas que se encuentran en la parte fronteriza y facilitaron su infiltraci\u00f3n hacia el territorio sirio y viceversa.<\/p>\n<p>Cabe destacar que los terroristas del EI volvieron ayer a atacar la ciudad de Ain al-Arab, donde realizaron una serie de explosiones en la entrada de dicha ciudad.<\/p>\n<p>Asimismo perpetraron ayer una masacre contra los pobladores de Berkh Boutan, donde lincharon a 22 personas, ni\u00f1os, mujeres y ancianos en su gran mayor\u00eda.<\/p>\n<p>Lynn A.<\/p>\n","protected":false},"excerpt":{"rendered":"<p>Ain al-Arab, SANA Los terroristas del Estado Isl\u00e1mico cometieron este viernes una masacre contra los vecinos de la ciudad de Ain al-Arab ubicada al norte de Alepo, la cual se cobr\u00f3 la vida de al menos 120 civiles. Fuentes locales informaron que los terroristas del EI entraron en la ciudad desde el paso fronterizo con &hellip;<\/p>\n","protected":false},"author":24,"featured_media":25679,"comment_status":"closed","ping_status":"closed","sticky":false,"template":"","format":"standard","meta":{"footnotes":""},"categories":[477,597,573,476],"tags":[5758],"class_list":["post-25673","post","type-post","status-publish","format-standard","has-post-thumbnail","","category-noticias-edulcorantes","category-cinta-de-noticias","category-la-realidad-de-los-acontecimientos-en-siria","category-locales","tag-terroristas-del-ei-masacran-a-mas-de-120-personas-en-la-ciudad-de-ain-al-arab"],"_links":{"self":[{"href":"https:\/\/archive.sana.sy\/es\/index.php?rest_route=\/wp\/v2\/posts\/25673"}],"collection":[{"href":"https:\/\/archive.sana.sy\/es\/index.php?rest_route=\/wp\/v2\/posts"}],"about":[{"href":"https:\/\/archive.sana.sy\/es\/index.php?rest_route=\/wp\/v2\/types\/post"}],"author":[{"embeddable":true,"href":"https:\/\/archive.sana.sy\/es\/index.php?rest_route=\/wp\/v2\/users\/24"}],"replies":[{"embeddable":true,"href":"https:\/\/archive.sana.sy\/es\/index.php?rest_route=%2Fwp%2Fv2%2Fcomments&post=25673"}],"version-history":[{"count":0,"href":"https:\/\/archive.sana.sy\/es\/index.php?rest_route=\/wp\/v2\/posts\/25673\/revisions"}],"wp:featuredmedia":[{"embeddable":true,"href":"https:\/\/archive.sana.sy\/es\/index.php?rest_route=\/wp\/v2\/media\/25679"}],"wp:attachment":[{"href":"https:\/\/archive.sana.sy\/es\/index.php?rest_route=%2Fwp%2Fv2%2Fmedia&parent=25673"}],"wp:term":[{"taxonomy":"category","embeddable":true,"href":"https:\/\/archive.sana.sy\/es\/index.php?rest_route=%2Fwp%2Fv2%2Fcategories&post=25673"},{"taxonomy":"post_tag","embeddable":true,"href":"https:\/\/archive.sana.sy\/es\/index.php?rest_route=%2Fwp%2Fv2%2Ftags&post=25673"}],"curies":[{"name":"wp","href":"https:\/\/api.w.org\/{rel}","templated":true}]}}