{"id":256787,"date":"2022-10-11T19:25:03","date_gmt":"2022-10-11T16:25:03","guid":{"rendered":"http:\/\/107.6.182.27\/es\/?p=256787"},"modified":"2023-01-10T14:02:41","modified_gmt":"2023-01-10T12:02:41","slug":"siria-toma-medidas-para-apoyar-sus-cultivos-de-citricos-y-aceituna","status":"publish","type":"post","link":"https:\/\/archive.sana.sy\/es\/?p=256787","title":{"rendered":"Siria toma medidas para apoyar sus cultivos de c\u00edtricos y aceituna"},"content":{"rendered":"<p style=\"text-align: justify\"><span style=\"color: #800000\"><strong>Damasco, 11 oct (SANA)<\/strong> <\/span>El Consejo de Ministros adopt\u00f3 durante su sesi\u00f3n semanal de este martes una serie de medidas para apoyar los cultivos de c\u00edtricos y aceituna.<\/p>\n<p style=\"text-align: justify\">En este contexto, aprob\u00f3 asumir el 25% del costo del flete terrestre y mar\u00edtimo de las exportaciones de la cosecha de c\u00edtricos durante el per\u00edodo pico de producci\u00f3n, y el 10 % del costo en el per\u00edodo comprendido entre el 1 de marzo y el 30 de mayo de 2023. .<\/p>\n<p style=\"text-align: justify\">Las estimaciones de producci\u00f3n de c\u00edtricos para 2022 ascienden a 640 mil toneladas, mientras que las cantidades disponibles para exportar pueden llegar a 50 mil toneladas.<\/p>\n<p style=\"text-align: justify\">Respecto al cultivo del olivo, las medidas aprobadas por el Gabinete consisten en abrir las exportaciones de aceite de oliva hasta por un m\u00e1ximo de 45 mil toneladas hasta finales de 2023.<\/p>\n<p style=\"text-align: justify\">La producci\u00f3n de aceite de oliva para 2022 se estima en 125 mil toneladas, entre las cuales 45 mil toneladas destinadas a la exportaci\u00f3n.<\/p>\n<p style=\"text-align: justify\">\nla<\/p>\n","protected":false},"excerpt":{"rendered":"<p>Damasco, 11 oct (SANA) El Consejo de Ministros adopt\u00f3 durante su sesi\u00f3n semanal de este martes una serie de medidas para apoyar los cultivos de c\u00edtricos y aceituna. En este contexto, aprob\u00f3 asumir el 25% del costo del flete terrestre y mar\u00edtimo de las exportaciones de la cosecha de c\u00edtricos durante el per\u00edodo pico de &hellip;<\/p>\n","protected":false},"author":24,"featured_media":89020,"comment_status":"closed","ping_status":"closed","sticky":false,"template":"","format":"standard","meta":{"footnotes":""},"categories":[477,447,597,476,7541],"tags":[],"class_list":["post-256787","post","type-post","status-publish","format-standard","has-post-thumbnail","","category-noticias-edulcorantes","category-local-politica","category-cinta-de-noticias","category-locales","category-ultimas-noticias"],"_links":{"self":[{"href":"https:\/\/archive.sana.sy\/es\/index.php?rest_route=\/wp\/v2\/posts\/256787"}],"collection":[{"href":"https:\/\/archive.sana.sy\/es\/index.php?rest_route=\/wp\/v2\/posts"}],"about":[{"href":"https:\/\/archive.sana.sy\/es\/index.php?rest_route=\/wp\/v2\/types\/post"}],"author":[{"embeddable":true,"href":"https:\/\/archive.sana.sy\/es\/index.php?rest_route=\/wp\/v2\/users\/24"}],"replies":[{"embeddable":true,"href":"https:\/\/archive.sana.sy\/es\/index.php?rest_route=%2Fwp%2Fv2%2Fcomments&post=256787"}],"version-history":[{"count":0,"href":"https:\/\/archive.sana.sy\/es\/index.php?rest_route=\/wp\/v2\/posts\/256787\/revisions"}],"wp:featuredmedia":[{"embeddable":true,"href":"https:\/\/archive.sana.sy\/es\/index.php?rest_route=\/wp\/v2\/media\/89020"}],"wp:attachment":[{"href":"https:\/\/archive.sana.sy\/es\/index.php?rest_route=%2Fwp%2Fv2%2Fmedia&parent=256787"}],"wp:term":[{"taxonomy":"category","embeddable":true,"href":"https:\/\/archive.sana.sy\/es\/index.php?rest_route=%2Fwp%2Fv2%2Fcategories&post=256787"},{"taxonomy":"post_tag","embeddable":true,"href":"https:\/\/archive.sana.sy\/es\/index.php?rest_route=%2Fwp%2Fv2%2Ftags&post=256787"}],"curies":[{"name":"wp","href":"https:\/\/api.w.org\/{rel}","templated":true}]}}